{"id":18018,"date":"2020-10-14T15:13:53","date_gmt":"2020-10-14T18:13:53","guid":{"rendered":"https:\/\/blogs.correiobraziliense.com.br\/servidor\/?p=18018"},"modified":"2020-10-14T15:13:53","modified_gmt":"2020-10-14T18:13:53","slug":"sindmpu-lanca-live-no-dia-28-sobre-a-pec-32-2020","status":"publish","type":"post","link":"https:\/\/blogs.correiobraziliense.com.br\/servidor\/sindmpu-lanca-live-no-dia-28-sobre-a-pec-32-2020\/","title":{"rendered":"SindMPU lan\u00e7a live no dia 28 sobre a PEC 32\/2020"},"content":{"rendered":"<p><em><strong>No data em que se comemora o Dia do Servidor, 28 de outubro, live do Sindicato Nacional dos Servidores do MPU, CNMP e ESMPU (SindMPU) debate os detalhes do texto da Proposta de Emenda \u00e0 Constitui\u00e7\u00e3o (PEC) 32\/2020, conhecida por reforma administrativa, \u00e0s 16 horas, pelo Facebook<\/strong><\/em><\/p>\n<p><img loading=\"lazy\" decoding=\"async\" class=\"alignright size-full wp-image-18019\" src=\"https:\/\/blogs.correiobraziliense.com.br\/servidor\/wp-content\/uploads\/sites\/10\/2020\/10\/LIVE-ADMINISTRATIVA-MPU.jpg\" alt=\"\" width=\"570\" height=\"320\" \/><\/p>\n<p>O evento contar\u00e1 com a media\u00e7\u00e3o da jornalista do <em>Correio Braziliense<\/em>, Vera Batista, respons\u00e1vel pelo <em>Blog do Servidor<\/em>, e participa\u00e7\u00e3o do deputado federal Kim Kataguiri (DEM\/SP); dos economistas Eduardo Moreira e Ana Carla Abr\u00e3o; do advogado Bruno Rocha, especialista em direito sindical; e dos representantes do SindMPU, o diretor executivo, Adriel Gael, e o diretor jur\u00eddico, Renato Cantoni.<\/p>\n<p>&#8220;O SindMPU refor\u00e7a a import\u00e2ncia dessa iniciativa que, pela primeira vez, contar\u00e1 com participantes contr\u00e1rios e favor\u00e1veis \u00e0 reforma. O sindicato entende que \u00e9 preciso ouvir os dois lados, embora defenda que a PEC 32\/2020 \u00e9 uma afronta \u00e0 estabilidade dos servidores p\u00fablicos, bem como acredita que o servi\u00e7o p\u00fablico ser\u00e1 desvalorizado, e buscamos ativamente confrontar a reforma administrativa, junto a outros sindicatos&#8217;, afirma a entidade.<\/p>\n<p>&nbsp;<\/p>\n","protected":false},"excerpt":{"rendered":"<p>No data em que se comemora o Dia do Servidor, 28 de outubro, live do Sindicato Nacional dos Servidores do MPU, CNMP e ESMPU (SindMPU) debate os detalhes do texto da Proposta de Emenda \u00e0 Constitui\u00e7\u00e3o (PEC) 32\/2020, conhecida por reforma administrativa, \u00e0s 16 horas, pelo Facebook O evento contar\u00e1 com a media\u00e7\u00e3o da jornalista do Correio Braziliense, Vera Batista, [&hellip;]<\/p>\n","protected":false},"author":27,"featured_media":0,"comment_status":"open","ping_status":"closed","sticky":false,"template":"","format":"standard","meta":{"footnotes":""},"categories":[2719],"tags":[4095,620,17341,18170,15938,58,3801,18340,1322],"class_list":["post-18018","post","type-post","status-publish","format-standard","hentry","category-servidor","tag-dia-do-servidor","tag-estabilidade","tag-live","tag-pec-32-2020","tag-reforma-administrativa","tag-servidores","tag-sindicatos","tag-sindmpu","tag-texto"],"_links":{"self":[{"href":"https:\/\/blogs.correiobraziliense.com.br\/servidor\/wp-json\/wp\/v2\/posts\/18018","targetHints":{"allow":["GET"]}}],"collection":[{"href":"https:\/\/blogs.correiobraziliense.com.br\/servidor\/wp-json\/wp\/v2\/posts"}],"about":[{"href":"https:\/\/blogs.correiobraziliense.com.br\/servidor\/wp-json\/wp\/v2\/types\/post"}],"author":[{"embeddable":true,"href":"https:\/\/blogs.correiobraziliense.com.br\/servidor\/wp-json\/wp\/v2\/users\/27"}],"replies":[{"embeddable":true,"href":"https:\/\/blogs.correiobraziliense.com.br\/servidor\/wp-json\/wp\/v2\/comments?post=18018"}],"version-history":[{"count":1,"href":"https:\/\/blogs.correiobraziliense.com.br\/servidor\/wp-json\/wp\/v2\/posts\/18018\/revisions"}],"predecessor-version":[{"id":18020,"href":"https:\/\/blogs.correiobraziliense.com.br\/servidor\/wp-json\/wp\/v2\/posts\/18018\/revisions\/18020"}],"wp:attachment":[{"href":"https:\/\/blogs.correiobraziliense.com.br\/servidor\/wp-json\/wp\/v2\/media?parent=18018"}],"wp:term":[{"taxonomy":"category","embeddable":true,"href":"https:\/\/blogs.correiobraziliense.com.br\/servidor\/wp-json\/wp\/v2\/categories?post=18018"},{"taxonomy":"post_tag","embeddable":true,"href":"https:\/\/blogs.correiobraziliense.com.br\/servidor\/wp-json\/wp\/v2\/tags?post=18018"}],"curies":[{"name":"wp","href":"https:\/\/api.w.org\/{rel}","templated":true}]}}