{"id":18009,"date":"2020-10-13T20:07:26","date_gmt":"2020-10-13T23:07:26","guid":{"rendered":"https:\/\/blogs.correiobraziliense.com.br\/servidor\/?p=18009"},"modified":"2020-10-13T20:07:26","modified_gmt":"2020-10-13T23:07:26","slug":"anesp-lanca-livro-com-analises-e-respostas-de-politicas-publicas-na-pandemia","status":"publish","type":"post","link":"https:\/\/blogs.correiobraziliense.com.br\/servidor\/anesp-lanca-livro-com-analises-e-respostas-de-politicas-publicas-na-pandemia\/","title":{"rendered":"Anesp lan\u00e7a livro com an\u00e1lises e respostas de pol\u00edticas p\u00fablicas na pandemia"},"content":{"rendered":"<p><em><strong>Publica\u00e7\u00e3o re\u00fane 11 artigos de 23 especialistas que abordam, a partir de diagn\u00f3stico e formula\u00e7\u00e3o de pol\u00edticas p\u00fablicas, os desafios para temas impostos pela pandemia, como seguran\u00e7a alimentar, desemprego, renda, viol\u00eancia dom\u00e9stica, discrimina\u00e7\u00e3o de g\u00eanero, educa\u00e7\u00e3o superior, cultura, mobilidade e avia\u00e7\u00e3o civil. Prefaciado pela pesquisadora e professora da FGV Gabriela Lotta e apresentado pelo EPPGG e presidente da ANESP, Pedro Pontual, o livro est\u00e1 dispon\u00edvel para download (<a href=\"https:\/\/bit.ly\/34XZhH0\">https:\/\/bit.ly\/34XZhH0<\/a>)<\/strong><\/em><\/p>\n<p><img loading=\"lazy\" decoding=\"async\" class=\"alignright size-large wp-image-18010\" src=\"https:\/\/blogs.correiobraziliense.com.br\/servidor\/wp-content\/uploads\/sites\/10\/2020\/10\/anesp-livro-1024x1024.jpg\" alt=\"\" width=\"1024\" height=\"1024\" \/><\/p>\n","protected":false},"excerpt":{"rendered":"<p>Publica\u00e7\u00e3o re\u00fane 11 artigos de 23 especialistas que abordam, a partir de diagn\u00f3stico e formula\u00e7\u00e3o de pol\u00edticas p\u00fablicas, os desafios para temas impostos pela pandemia, como seguran\u00e7a alimentar, desemprego, renda, viol\u00eancia dom\u00e9stica, discrimina\u00e7\u00e3o de g\u00eanero, educa\u00e7\u00e3o superior, cultura, mobilidade e avia\u00e7\u00e3o civil. Prefaciado pela pesquisadora e professora da FGV Gabriela Lotta e apresentado pelo EPPGG e presidente da ANESP, Pedro [&hellip;]<\/p>\n","protected":false},"author":27,"featured_media":0,"comment_status":"open","ping_status":"closed","sticky":false,"template":"","format":"standard","meta":{"footnotes":""},"categories":[2719],"tags":[948,1079,17255,706,1633],"class_list":["post-18009","post","type-post","status-publish","format-standard","hentry","category-servidor","tag-anesp","tag-livro","tag-pandemia","tag-politicas","tag-publicas"],"_links":{"self":[{"href":"https:\/\/blogs.correiobraziliense.com.br\/servidor\/wp-json\/wp\/v2\/posts\/18009","targetHints":{"allow":["GET"]}}],"collection":[{"href":"https:\/\/blogs.correiobraziliense.com.br\/servidor\/wp-json\/wp\/v2\/posts"}],"about":[{"href":"https:\/\/blogs.correiobraziliense.com.br\/servidor\/wp-json\/wp\/v2\/types\/post"}],"author":[{"embeddable":true,"href":"https:\/\/blogs.correiobraziliense.com.br\/servidor\/wp-json\/wp\/v2\/users\/27"}],"replies":[{"embeddable":true,"href":"https:\/\/blogs.correiobraziliense.com.br\/servidor\/wp-json\/wp\/v2\/comments?post=18009"}],"version-history":[{"count":1,"href":"https:\/\/blogs.correiobraziliense.com.br\/servidor\/wp-json\/wp\/v2\/posts\/18009\/revisions"}],"predecessor-version":[{"id":18011,"href":"https:\/\/blogs.correiobraziliense.com.br\/servidor\/wp-json\/wp\/v2\/posts\/18009\/revisions\/18011"}],"wp:attachment":[{"href":"https:\/\/blogs.correiobraziliense.com.br\/servidor\/wp-json\/wp\/v2\/media?parent=18009"}],"wp:term":[{"taxonomy":"category","embeddable":true,"href":"https:\/\/blogs.correiobraziliense.com.br\/servidor\/wp-json\/wp\/v2\/categories?post=18009"},{"taxonomy":"post_tag","embeddable":true,"href":"https:\/\/blogs.correiobraziliense.com.br\/servidor\/wp-json\/wp\/v2\/tags?post=18009"}],"curies":[{"name":"wp","href":"https:\/\/api.w.org\/{rel}","templated":true}]}}