{"id":18006,"date":"2020-10-13T19:16:23","date_gmt":"2020-10-13T22:16:23","guid":{"rendered":"https:\/\/blogs.correiobraziliense.com.br\/servidor\/?p=18006"},"modified":"2020-10-13T19:17:17","modified_gmt":"2020-10-13T22:17:17","slug":"moro-pede-ao-stf-novo-relator-para-o-caso-de-suposta-interferencia-de-bolsonaro-na-pf","status":"publish","type":"post","link":"https:\/\/blogs.correiobraziliense.com.br\/servidor\/moro-pede-ao-stf-novo-relator-para-o-caso-de-suposta-interferencia-de-bolsonaro-na-pf\/","title":{"rendered":"Moro pede ao STF novo relator para o caso de suposta interfer\u00eancia de Bolsonaro na PF"},"content":{"rendered":"<p><em><strong>A defesa do ex-ministro da Justi\u00e7a, S\u00e9rio Moro, pede ao Supremo Tribunal Federal (STF) a redistribui\u00e7\u00e3o da relatoria do inqu\u00e9rito 4831. Com a aposentadoria do ministro Celso de Mello, o caso ficar\u00e1 sem relator at\u00e9 que seja nomeado o novo ministro. O objetivo \u00e9 preservar a celeridade do caso<\/strong><\/em><\/p>\n<p>No documento endere\u00e7ado ao presidente do STF, ministro Luiz Fux, com pedido de urg\u00eancia, a defesa de Moro destaca que, com a aposentadoria do decano do\u00a0Celso de Mello, &#8220;torna-se necess\u00e1ria\u00a0a redistribui\u00e7\u00e3o do feito, considerando a natureza c\u00e9lere do procedimento inquisitorial bem como o\u00a0prazo concedido para o seu t\u00e9rmino&#8221;. E lembra que o regimento interno da Casa\u00a0autoriza o presidente do tribunal \u00e0 redistribui\u00e7\u00e3o.<\/p>\n<p>&#8220;Desta forma, partindo da premissa objetiva decorrente da\u00a0aposentadoria do Exmo. Ministro Celso de Mello, o presente Inqu\u00e9rito Policial n\u00e3o possui Relator\u00a0origin\u00e1rio a partir da data de hoje, raz\u00e3o pela qual, dentro do permissivo regimental e a pedido da\u00a0parte interessada, neste caso, representada pelo ora peticion\u00e1rio, requer-se a imediata\u00a0redistribui\u00e7\u00e3o do feito nos termos dos dispositivos regimentais acima mencionados&#8221;, refor\u00e7a a peti\u00e7\u00e3o.<\/p>\n<p>Em depoimento ao STF, em maio, Moro destacou que o presidente Jair Bolsonaro queria ter acesso ilegal a informa\u00e7\u00f5es e interferir nas investiga\u00e7\u00f5es da Pol\u00edcia Federal. Bolsonaro nega as acusa\u00e7\u00f5es.<\/p>\n","protected":false},"excerpt":{"rendered":"<p>A defesa do ex-ministro da Justi\u00e7a, S\u00e9rio Moro, pede ao Supremo Tribunal Federal (STF) a redistribui\u00e7\u00e3o da relatoria do inqu\u00e9rito 4831. Com a aposentadoria do ministro Celso de Mello, o caso ficar\u00e1 sem relator at\u00e9 que seja nomeado o novo ministro. O objetivo \u00e9 preservar a celeridade do caso No documento endere\u00e7ado ao presidente do STF, ministro Luiz Fux, com [&hellip;]<\/p>\n","protected":false},"author":27,"featured_media":0,"comment_status":"open","ping_status":"closed","sticky":false,"template":"","format":"standard","meta":{"footnotes":""},"categories":[2719],"tags":[18337,18336,319,1174,3169,1399,34],"class_list":["post-18006","post","type-post","status-publish","format-standard","hentry","category-servidor","tag-decano","tag-inerferencia","tag-pf","tag-prazo","tag-relator","tag-sergio-moro","tag-stf"],"_links":{"self":[{"href":"https:\/\/blogs.correiobraziliense.com.br\/servidor\/wp-json\/wp\/v2\/posts\/18006","targetHints":{"allow":["GET"]}}],"collection":[{"href":"https:\/\/blogs.correiobraziliense.com.br\/servidor\/wp-json\/wp\/v2\/posts"}],"about":[{"href":"https:\/\/blogs.correiobraziliense.com.br\/servidor\/wp-json\/wp\/v2\/types\/post"}],"author":[{"embeddable":true,"href":"https:\/\/blogs.correiobraziliense.com.br\/servidor\/wp-json\/wp\/v2\/users\/27"}],"replies":[{"embeddable":true,"href":"https:\/\/blogs.correiobraziliense.com.br\/servidor\/wp-json\/wp\/v2\/comments?post=18006"}],"version-history":[{"count":2,"href":"https:\/\/blogs.correiobraziliense.com.br\/servidor\/wp-json\/wp\/v2\/posts\/18006\/revisions"}],"predecessor-version":[{"id":18008,"href":"https:\/\/blogs.correiobraziliense.com.br\/servidor\/wp-json\/wp\/v2\/posts\/18006\/revisions\/18008"}],"wp:attachment":[{"href":"https:\/\/blogs.correiobraziliense.com.br\/servidor\/wp-json\/wp\/v2\/media?parent=18006"}],"wp:term":[{"taxonomy":"category","embeddable":true,"href":"https:\/\/blogs.correiobraziliense.com.br\/servidor\/wp-json\/wp\/v2\/categories?post=18006"},{"taxonomy":"post_tag","embeddable":true,"href":"https:\/\/blogs.correiobraziliense.com.br\/servidor\/wp-json\/wp\/v2\/tags?post=18006"}],"curies":[{"name":"wp","href":"https:\/\/api.w.org\/{rel}","templated":true}]}}