{"id":17999,"date":"2020-10-13T16:14:59","date_gmt":"2020-10-13T19:14:59","guid":{"rendered":"https:\/\/blogs.correiobraziliense.com.br\/servidor\/?p=17999"},"modified":"2020-10-13T16:14:59","modified_gmt":"2020-10-13T19:14:59","slug":"nova-gestao-do-sinagencias-para-os-proximos-tres-anos","status":"publish","type":"post","link":"https:\/\/blogs.correiobraziliense.com.br\/servidor\/nova-gestao-do-sinagencias-para-os-proximos-tres-anos\/","title":{"rendered":"Nova gest\u00e3o do Sinag\u00eancias para os pr\u00f3ximos tr\u00eas anos"},"content":{"rendered":"<p><em><strong>A regulamenta\u00e7\u00e3o das atividades exclusivas de Estado e o di\u00e1logo institucional na reforma administrativa s\u00e3o prioridades para a nova gest\u00e3o<\/strong><\/em><\/p>\n<p><img loading=\"lazy\" decoding=\"async\" class=\"alignright size-large wp-image-18000\" src=\"https:\/\/blogs.correiobraziliense.com.br\/servidor\/wp-content\/uploads\/sites\/10\/2020\/10\/NOVO-PRESIDENTE-DO-SINAG\u00caNCIAS-682x1024.jpg\" alt=\"\" width=\"682\" height=\"1024\" srcset=\"https:\/\/blogs.correiobraziliense.com.br\/servidor\/wp-content\/uploads\/sites\/10\/2020\/10\/NOVO-PRESIDENTE-DO-SINAG\u00caNCIAS-682x1024.jpg 682w, https:\/\/blogs.correiobraziliense.com.br\/servidor\/wp-content\/uploads\/sites\/10\/2020\/10\/NOVO-PRESIDENTE-DO-SINAG\u00caNCIAS-200x300.jpg 200w, https:\/\/blogs.correiobraziliense.com.br\/servidor\/wp-content\/uploads\/sites\/10\/2020\/10\/NOVO-PRESIDENTE-DO-SINAG\u00caNCIAS-768x1152.jpg 768w, https:\/\/blogs.correiobraziliense.com.br\/servidor\/wp-content\/uploads\/sites\/10\/2020\/10\/NOVO-PRESIDENTE-DO-SINAG\u00caNCIAS-550x825.jpg 550w, https:\/\/blogs.correiobraziliense.com.br\/servidor\/wp-content\/uploads\/sites\/10\/2020\/10\/NOVO-PRESIDENTE-DO-SINAG\u00caNCIAS-230x345.jpg 230w, https:\/\/blogs.correiobraziliense.com.br\/servidor\/wp-content\/uploads\/sites\/10\/2020\/10\/NOVO-PRESIDENTE-DO-SINAG\u00caNCIAS.jpg 853w\" sizes=\"auto, (max-width: 682px) 100vw, 682px\" \/><\/p>\n<p>O especialista em regula\u00e7\u00e3o Cleber Ferreira, da Ag\u00eancia Nacional de Sa\u00fade Suplementar (ANS), \u00e9 o novo presidente. Ele reiterou a continuidade dos projetos e o \u00e2nimo para os desafios da nova gest\u00e3o. Um dos focos dos pr\u00f3ximos anos ser\u00e1 aumentar a base de filiados, continuar os processos de transpar\u00eancia nas a\u00e7\u00f5es do sindicato, com as articula\u00e7\u00f5es institucionais, na reforma administrativa e com a regulamenta\u00e7\u00e3o das atividades exclusivas de estado e tamb\u00e9m fazer com que os servidores das Ag\u00eancias possam participar cada vez mais.<\/p>\n<p>\u201cHoje no Sindicato temos uma base de filiados de menos 20% do total de servidores das Ag\u00eancias. Temos um potencial enorme para aumentar essa base. Ser\u00e1 um longo caminho pela frente e nosso objetivo \u00e9 mostrar a import\u00e2ncia do trabalho que \u00e9 feito, a representatividade, fazer com que os nossos colegas n\u00e3o filiados tamb\u00e9m venham a ingressar no quadro da entidade\u201d, analisou.<\/p>\n<p>Cleber Ferreira confirmou a continuidade de projetos da gest\u00e3o anterior, quando era secret\u00e1rio-geral, com \u00eanfase na articula\u00e7\u00e3o j\u00e1 iniciada na PEC que trata do Projeto Arca (regulamenta as carreiras de estado e prop\u00f5e uma tabela \u00fanica) em andamento no Congresso Nacional e a luta pela equipara\u00e7\u00e3o dos servidores da Ag\u00eancia Nacional de Minera\u00e7\u00e3o (ANM), com as demais. \u201c\u00c9 muito injusto ver 10 Ag\u00eancias ganhando os mesmos vencimentos e outra ganhando 40% menos. Vamos conseguir essa equipara\u00e7\u00e3o o mais r\u00e1pido poss\u00edvel, ainda na minha gest\u00e3o\u201d, enfatizou Ferreira.<\/p>\n<p>A nova gest\u00e3o do Sinag\u00eancias para os pr\u00f3ximos tr\u00eas anos tomou posse no dia 5 de outubro na sede da entidade em Bras\u00edlia. O evento ocorreu em cerim\u00f4nia semipresencial\/virtual (em respeito \u00e0s atuais regras de isolamento) e foi prestigiado por parlamentares presentes ligados \u00e0 categoria, entidades representativas, pela comiss\u00e3o eleitoral, conselho fiscal e membros da diretoria eleitos.<\/p>\n<p>O\u00a0ex-presidente, Alexnaldo Queiroz de Jesus, ao se despedir do mandato, lembrou as mudan\u00e7as no \u00e2mbito pol\u00edtico representativo, na administra\u00e7\u00e3o interna da entidade, e da retomada do respeito institucional que o Sindicato.\u00a0\u201cDeixo um caminho aberto, uma entidade que tem possibilidades de desenvolvimento e mais alcance social. Tenho certeza de que esta gest\u00e3o do Cleber ser\u00e1 muito melhor, n\u00e3o tenho d\u00favidas de que a gl\u00f3ria e conquistas ser\u00e3o maiores. Continuemos a ouvir os filiados e servidores, com o respeito a representatividade. Saio do sindicato, mas n\u00e3o sairei da luta, onde eu estiver defenderei a categoria da regula\u00e7\u00e3o, contem comigo\u201d.<\/p>\n<p>O Sinag\u00eancias representa os servidores das 11 Ag\u00eancias Reguladoras do pa\u00eds (ANS, ANTT, ANA, ANVISA, ANATEL, ANTAQ, ANEEL, ANP, ANM, ANAC, ANCINE).<\/p>\n","protected":false},"excerpt":{"rendered":"<p>A regulamenta\u00e7\u00e3o das atividades exclusivas de Estado e o di\u00e1logo institucional na reforma administrativa s\u00e3o prioridades para a nova gest\u00e3o O especialista em regula\u00e7\u00e3o Cleber Ferreira, da Ag\u00eancia Nacional de Sa\u00fade Suplementar (ANS), \u00e9 o novo presidente. Ele reiterou a continuidade dos projetos e o \u00e2nimo para os desafios da nova gest\u00e3o. Um dos focos dos pr\u00f3ximos anos ser\u00e1 aumentar [&hellip;]<\/p>\n","protected":false},"author":27,"featured_media":0,"comment_status":"open","ping_status":"closed","sticky":false,"template":"","format":"standard","meta":{"footnotes":""},"categories":[2719],"tags":[12284,463,55,56,2939,5632,315,15938,923,4560,440,168],"class_list":["post-17999","post","type-post","status-publish","format-standard","hentry","category-servidor","tag-arca","tag-atividades","tag-carreiras","tag-estado","tag-exclusivas","tag-filiados","tag-gestao","tag-reforma-administrativa","tag-regulamentacao","tag-sinagencias","tag-sindicato","tag-transparencia"],"_links":{"self":[{"href":"https:\/\/blogs.correiobraziliense.com.br\/servidor\/wp-json\/wp\/v2\/posts\/17999","targetHints":{"allow":["GET"]}}],"collection":[{"href":"https:\/\/blogs.correiobraziliense.com.br\/servidor\/wp-json\/wp\/v2\/posts"}],"about":[{"href":"https:\/\/blogs.correiobraziliense.com.br\/servidor\/wp-json\/wp\/v2\/types\/post"}],"author":[{"embeddable":true,"href":"https:\/\/blogs.correiobraziliense.com.br\/servidor\/wp-json\/wp\/v2\/users\/27"}],"replies":[{"embeddable":true,"href":"https:\/\/blogs.correiobraziliense.com.br\/servidor\/wp-json\/wp\/v2\/comments?post=17999"}],"version-history":[{"count":1,"href":"https:\/\/blogs.correiobraziliense.com.br\/servidor\/wp-json\/wp\/v2\/posts\/17999\/revisions"}],"predecessor-version":[{"id":18001,"href":"https:\/\/blogs.correiobraziliense.com.br\/servidor\/wp-json\/wp\/v2\/posts\/17999\/revisions\/18001"}],"wp:attachment":[{"href":"https:\/\/blogs.correiobraziliense.com.br\/servidor\/wp-json\/wp\/v2\/media?parent=17999"}],"wp:term":[{"taxonomy":"category","embeddable":true,"href":"https:\/\/blogs.correiobraziliense.com.br\/servidor\/wp-json\/wp\/v2\/categories?post=17999"},{"taxonomy":"post_tag","embeddable":true,"href":"https:\/\/blogs.correiobraziliense.com.br\/servidor\/wp-json\/wp\/v2\/tags?post=17999"}],"curies":[{"name":"wp","href":"https:\/\/api.w.org\/{rel}","templated":true}]}}