{"id":1796,"date":"2016-06-06T12:12:02","date_gmt":"2016-06-06T15:12:02","guid":{"rendered":"https:\/\/blogs.correiobraziliense.com.br\/servidor\/?p=1796"},"modified":"2016-06-06T12:12:02","modified_gmt":"2016-06-06T15:12:02","slug":"nelson-silva-assume-como-consultor-senior-de-estrategia-da-petrobras","status":"publish","type":"post","link":"https:\/\/blogs.correiobraziliense.com.br\/servidor\/nelson-silva-assume-como-consultor-senior-de-estrategia-da-petrobras\/","title":{"rendered":"NELSON SILVA ASSUME COMO CONSULTOR S\u00caNIOR DE ESTRAT\u00c9GIA DA PETROBRAS"},"content":{"rendered":"<p>A Petrobras informou que o executivo Nelson Silva assume nessa segunda-feira (6\/6) o cargo de consultor s\u00eanior da diretoria da estatal. Convidado pelo presidente Pedro Parente, ele coordenar\u00e1 o processo de revis\u00e3o estrat\u00e9gica da empresa al\u00e9m de ajudar na avalia\u00e7\u00e3o e redesenho dos sistemas de gest\u00e3o.<\/p>\n<p>&#8220;Queremos dar um ritmo mais acelerado \u00e0s mudan\u00e7as nessas \u00e1reas. Para alcan\u00e7ar os resultados que necessitamos nos menores prazos poss\u00edveis, estrat\u00e9gia e gest\u00e3o andam absolutamente ligadas&#8221;, afirmou Parente.<\/p>\n<p>Nelson Silva ficar\u00e1 subordinado diretamente ao presidente e ter\u00e1 sob sua coordena\u00e7\u00e3o a atual ger\u00eancia executiva de Estrat\u00e9gia e Organiza\u00e7\u00e3o, que continuar\u00e1 liderada por Carlos Alberto de Oliveira.<\/p>\n<p>Ele aprofundar\u00e1 as mudan\u00e7as no sistema de gest\u00e3o para permitir que as metas estrat\u00e9gicas definidas em parceria com o Conselho de Administra\u00e7\u00e3o possam ser detalhadas at\u00e9 o menor n\u00edvel de execu\u00e7\u00e3o poss\u00edvel, de tal forma que qualquer desvio no planejamento possa ser rapidamente detectado e corrigido.<\/p>\n<p>Com larga experi\u00eancia no mercado de \u00f3leo e g\u00e1s e em outras empresas de commodities, Silva foi CEO da BG no Brasil at\u00e9 a recente venda da companhia para a Shell.<\/p>\n<p>Clique <a href=\"https:\/\/app.workr.com.br\/Download.aspx?arquivo=wWiZebh6TiJFM8UIwlLdIA==\" target=\"_blank\">aqui<\/a> para ver o curr\u00edculo do executivo.<\/p>\n","protected":false},"excerpt":{"rendered":"<p>A Petrobras informou que o executivo Nelson Silva assume nessa segunda-feira (6\/6) o cargo de consultor s\u00eanior da diretoria da estatal. Convidado pelo presidente Pedro Parente, ele coordenar\u00e1 o processo de revis\u00e3o estrat\u00e9gica da empresa al\u00e9m de ajudar na avalia\u00e7\u00e3o e redesenho dos sistemas de gest\u00e3o. &#8220;Queremos dar um ritmo mais acelerado \u00e0s mudan\u00e7as nessas \u00e1reas. Para alcan\u00e7ar os resultados [&hellip;]<\/p>\n","protected":false},"author":27,"featured_media":0,"comment_status":"open","ping_status":"closed","sticky":false,"template":"","format":"standard","meta":{"footnotes":""},"categories":[1],"tags":[1362,2133,2134,315,2132,201,1157,2136,2135],"class_list":["post-1796","post","type-post","status-publish","format-standard","hentry","category-sem-categoria","tag-assume","tag-consultor-senior","tag-estrategia","tag-gestao","tag-nelson-silva","tag-petrobras","tag-processo","tag-redesenho","tag-revisao"],"_links":{"self":[{"href":"https:\/\/blogs.correiobraziliense.com.br\/servidor\/wp-json\/wp\/v2\/posts\/1796","targetHints":{"allow":["GET"]}}],"collection":[{"href":"https:\/\/blogs.correiobraziliense.com.br\/servidor\/wp-json\/wp\/v2\/posts"}],"about":[{"href":"https:\/\/blogs.correiobraziliense.com.br\/servidor\/wp-json\/wp\/v2\/types\/post"}],"author":[{"embeddable":true,"href":"https:\/\/blogs.correiobraziliense.com.br\/servidor\/wp-json\/wp\/v2\/users\/27"}],"replies":[{"embeddable":true,"href":"https:\/\/blogs.correiobraziliense.com.br\/servidor\/wp-json\/wp\/v2\/comments?post=1796"}],"version-history":[{"count":1,"href":"https:\/\/blogs.correiobraziliense.com.br\/servidor\/wp-json\/wp\/v2\/posts\/1796\/revisions"}],"predecessor-version":[{"id":1797,"href":"https:\/\/blogs.correiobraziliense.com.br\/servidor\/wp-json\/wp\/v2\/posts\/1796\/revisions\/1797"}],"wp:attachment":[{"href":"https:\/\/blogs.correiobraziliense.com.br\/servidor\/wp-json\/wp\/v2\/media?parent=1796"}],"wp:term":[{"taxonomy":"category","embeddable":true,"href":"https:\/\/blogs.correiobraziliense.com.br\/servidor\/wp-json\/wp\/v2\/categories?post=1796"},{"taxonomy":"post_tag","embeddable":true,"href":"https:\/\/blogs.correiobraziliense.com.br\/servidor\/wp-json\/wp\/v2\/tags?post=1796"}],"curies":[{"name":"wp","href":"https:\/\/api.w.org\/{rel}","templated":true}]}}