{"id":17955,"date":"2020-10-07T21:17:14","date_gmt":"2020-10-08T00:17:14","guid":{"rendered":"https:\/\/blogs.correiobraziliense.com.br\/servidor\/?p=17955"},"modified":"2020-10-07T21:17:14","modified_gmt":"2020-10-08T00:17:14","slug":"lancamento-da-agenda-legislativa-da-reforma-administrativa","status":"publish","type":"post","link":"https:\/\/blogs.correiobraziliense.com.br\/servidor\/lancamento-da-agenda-legislativa-da-reforma-administrativa\/","title":{"rendered":"Lan\u00e7amento da Agenda Legislativa da Reforma Administrativa"},"content":{"rendered":"<p><em><strong>Amanh\u00e3, quinta-feira (08\/10), no Sal\u00e3o Negro do Congresso, \u00e0s 14 horas, ser\u00e1 lan\u00e7ada a Agenda Legislativa da Frente Parlamentar da Reforma Administrativa (FPMRA). De acordo com o presidente da Frente, deputado Tiago Mitraud, o\u00a0documento traz propostas de senadores e deputados para modernizar o Estado, melhorar o servi\u00e7o p\u00fablico entregue aos brasileiros e valorizar os bons servidores<\/strong><\/em><\/p>\n<p>Participar\u00e3o do evento o presidente da C\u00e2mara, Rodrigo Maia (DEM-RJ), o secret\u00e1rio especial de Desburocratiza\u00e7\u00e3o, Gest\u00e3o e Governo Digital do Minist\u00e9rio da Economia, Caio Paes de Andrade, o presidente e a vice-presidente da Frente da Reforma Administrativa, deputado Tiago Mitraud (Novo-MG) e senadora K\u00e1tia Abreu (PP-TO) respectivamente, entre outros parlamentares.<\/p>\n<p>A Agenda Legislativa da Reforma Administrativa, na an\u00e1lise dos parlamentares, traz aperfei\u00e7oamentos da PEC 32\/2020, enviada pelo governo em 3 de setembro, al\u00e9m de outras propostas com o objetivo de avan\u00e7ar no debate sobre a reforma administrativa. O documento ir\u00e1 pautar o debate e o di\u00e1logo da Frente com a sociedade brasileira nos pr\u00f3ximos meses e est\u00e1 aberto a contribui\u00e7\u00f5es.<\/p>\n<p><strong>Servi\u00e7o<\/strong><\/p>\n<p>Lan\u00e7amento da Agenda Legislativa da Reforma Administrativa<\/p>\n<p>Quando: Quinta-feira, dia 8 de outubro<\/p>\n<p>Onde: Sal\u00e3o Negro do Congresso Nacional<\/p>\n<p>Hor\u00e1rio: 14h<\/p>\n<p>O evento ser\u00e1 transmitido ao vivo pela TV C\u00e2mara<\/p>\n<p>&nbsp;<\/p>\n","protected":false},"excerpt":{"rendered":"<p>Amanh\u00e3, quinta-feira (08\/10), no Sal\u00e3o Negro do Congresso, \u00e0s 14 horas, ser\u00e1 lan\u00e7ada a Agenda Legislativa da Frente Parlamentar da Reforma Administrativa (FPMRA). De acordo com o presidente da Frente, deputado Tiago Mitraud, o\u00a0documento traz propostas de senadores e deputados para modernizar o Estado, melhorar o servi\u00e7o p\u00fablico entregue aos brasileiros e valorizar os bons servidores Participar\u00e3o do evento o [&hellip;]<\/p>\n","protected":false},"author":27,"featured_media":0,"comment_status":"open","ping_status":"closed","sticky":false,"template":"","format":"standard","meta":{"footnotes":""},"categories":[2719],"tags":[1527,100,1298,56,1317,3699,922,241,15938,39,212],"class_list":["post-17955","post","type-post","status-publish","format-standard","hentry","category-servidor","tag-agenda","tag-congresso","tag-deputados","tag-estado","tag-lancamento","tag-legislativa","tag-propostas","tag-publico","tag-reforma-administrativa","tag-senadores","tag-servico"],"_links":{"self":[{"href":"https:\/\/blogs.correiobraziliense.com.br\/servidor\/wp-json\/wp\/v2\/posts\/17955","targetHints":{"allow":["GET"]}}],"collection":[{"href":"https:\/\/blogs.correiobraziliense.com.br\/servidor\/wp-json\/wp\/v2\/posts"}],"about":[{"href":"https:\/\/blogs.correiobraziliense.com.br\/servidor\/wp-json\/wp\/v2\/types\/post"}],"author":[{"embeddable":true,"href":"https:\/\/blogs.correiobraziliense.com.br\/servidor\/wp-json\/wp\/v2\/users\/27"}],"replies":[{"embeddable":true,"href":"https:\/\/blogs.correiobraziliense.com.br\/servidor\/wp-json\/wp\/v2\/comments?post=17955"}],"version-history":[{"count":1,"href":"https:\/\/blogs.correiobraziliense.com.br\/servidor\/wp-json\/wp\/v2\/posts\/17955\/revisions"}],"predecessor-version":[{"id":17956,"href":"https:\/\/blogs.correiobraziliense.com.br\/servidor\/wp-json\/wp\/v2\/posts\/17955\/revisions\/17956"}],"wp:attachment":[{"href":"https:\/\/blogs.correiobraziliense.com.br\/servidor\/wp-json\/wp\/v2\/media?parent=17955"}],"wp:term":[{"taxonomy":"category","embeddable":true,"href":"https:\/\/blogs.correiobraziliense.com.br\/servidor\/wp-json\/wp\/v2\/categories?post=17955"},{"taxonomy":"post_tag","embeddable":true,"href":"https:\/\/blogs.correiobraziliense.com.br\/servidor\/wp-json\/wp\/v2\/tags?post=17955"}],"curies":[{"name":"wp","href":"https:\/\/api.w.org\/{rel}","templated":true}]}}