{"id":17948,"date":"2020-10-07T11:50:15","date_gmt":"2020-10-07T14:50:15","guid":{"rendered":"https:\/\/blogs.correiobraziliense.com.br\/servidor\/?p=17948"},"modified":"2020-10-07T11:51:29","modified_gmt":"2020-10-07T14:51:29","slug":"regulacao-livre-senador-izalci-lucas-debate-sobre-a-tramitacao-da-reforma-administrativa-no-congresso","status":"publish","type":"post","link":"https:\/\/blogs.correiobraziliense.com.br\/servidor\/regulacao-livre-senador-izalci-lucas-debate-sobre-a-tramitacao-da-reforma-administrativa-no-congresso\/","title":{"rendered":"Regula\u00e7\u00e3o Livre &#8211; Senador Izalci Lucas debate sobre  a tramita\u00e7\u00e3o da reforma administrativa no Congresso"},"content":{"rendered":"<p><em><strong>Entre os temas as carreiras das Ag\u00eancias reguladoras.\u00a0O\u00a0 presidente do Sinag\u00eancias, Cleber Ferreira, recebe nesta\u00a0 quinta-feira (08\/10),\u00a0 a partir das 19h30,\u00a0 dentro das a\u00e7\u00f5es do Ciclo de debates \u2013 Regula\u00e7\u00e3o Livre, o senador Izalci Lucas (PSDB\/DF), para debater \u201cO projeto da Reforma Administrativa em tramita\u00e7\u00e3o no Congresso Nacional\u201d (PEC 32\/2020)<\/strong><\/em><\/p>\n<p><img loading=\"lazy\" decoding=\"async\" class=\"alignright size-large wp-image-17950\" src=\"https:\/\/blogs.correiobraziliense.com.br\/servidor\/wp-content\/uploads\/sites\/10\/2020\/10\/SINAG\u00caNCIA-REFORMA-TRAMITA\u00c7\u00c3O-974x1024.jpg\" alt=\"\" width=\"974\" height=\"1024\" srcset=\"https:\/\/blogs.correiobraziliense.com.br\/servidor\/wp-content\/uploads\/sites\/10\/2020\/10\/SINAG\u00caNCIA-REFORMA-TRAMITA\u00c7\u00c3O-974x1024.jpg 974w, https:\/\/blogs.correiobraziliense.com.br\/servidor\/wp-content\/uploads\/sites\/10\/2020\/10\/SINAG\u00caNCIA-REFORMA-TRAMITA\u00c7\u00c3O-285x300.jpg 285w, https:\/\/blogs.correiobraziliense.com.br\/servidor\/wp-content\/uploads\/sites\/10\/2020\/10\/SINAG\u00caNCIA-REFORMA-TRAMITA\u00c7\u00c3O-768x807.jpg 768w, https:\/\/blogs.correiobraziliense.com.br\/servidor\/wp-content\/uploads\/sites\/10\/2020\/10\/SINAG\u00caNCIA-REFORMA-TRAMITA\u00c7\u00c3O-550x578.jpg 550w, https:\/\/blogs.correiobraziliense.com.br\/servidor\/wp-content\/uploads\/sites\/10\/2020\/10\/SINAG\u00caNCIA-REFORMA-TRAMITA\u00c7\u00c3O-230x242.jpg 230w, https:\/\/blogs.correiobraziliense.com.br\/servidor\/wp-content\/uploads\/sites\/10\/2020\/10\/SINAG\u00caNCIA-REFORMA-TRAMITA\u00c7\u00c3O.jpg 1218w\" sizes=\"auto, (max-width: 974px) 100vw, 974px\" \/><\/p>\n<p>O\u00a0 Ciclo de debates \u2013 Regula\u00e7\u00e3o Livre \u00e9 uma a\u00e7\u00e3o do Sindicato Nacional dos Servidores das Ag\u00eancias Nacionais de Regula\u00e7\u00e3o (Sinag\u00eancias). a partir do diagn\u00f3stico da necessidade de di\u00e1logos\u00a0 e constru\u00e7\u00e3o\u00a0 sobre assuntos pertinentes\u00a0 \u00e0s carreiras e ao contexto das Ag\u00eancias Reguladoras.<\/p>\n<p>Izalci Lucas, de acordo com o sindicato, \u00e9 um apoiador das carreiras das Ag\u00eancias desde a gest\u00e3o passada. Em 2017 esteve presente no Congresso da categoria, em 2018 visitou a sede da entidade debatendo com os servidores a import\u00e2ncia da atividade de regula\u00e7\u00e3o e colocando seu mandato \u00e0 disposi\u00e7\u00e3o. Em maio de 2019 esteve no evento de lan\u00e7amento do Projeto Arca (regulamenta\u00e7\u00e3o das carreiras t\u00edpicas de estado).<\/p>\n<p>J\u00e1 estiveram nas lives do Sinag\u00eancias o diretor-presidente substituto da ANS , Rog\u00e9rio Scarabel Barbosa falando das \u201ca\u00e7\u00f5es da ANS no enfrentamento ao COVID-19\u201d,\u00a0 o diretor da Anvisa, Marcus Aur\u00e9lio Miranda, \u201cdo excesso de burocracia em face aos novos marcos legais\u201d;\u00a0 o superintendente de Recursos Humanos da Aneel, Alex Cavalcante Alves, com o tema \u201cTeletrabalho \u2013 \u00eaxitos e desafios\u201d, o tamb\u00e9m servidor analista da ANS e\u00a0 criador\u00a0 do Laborat\u00f3rio de Inova\u00e7\u00e3o na Ag\u00eancia, Ant\u00f4nio Gomes Cordeiro; e o chefe de Gabinete da Procuradoria Geral da ANTT, H\u00e9lio Roberto Silva e Sousa, falando sobre \u201cInova\u00e7\u00e3o na Administra\u00e7\u00e3o P\u00fablica\u201d.<\/p>\n<p>Os debates tamb\u00e9m abordaram o Legislativo, com autor da Proposta de Emenda Constitucional\u00a0 (PEC), que altera o texto da Constitui\u00e7\u00e3o, dispondo sobre carreira e atividades exclusivas de Estado, deputado federal, Julio Cesar (Republicanos\/DF), a deputada federal, Bia Kicis (PSL.DF), participa\u00e7\u00e3o do 1\u00b0 vice-presidente da C\u00e2mara dos deputados e presidente Nacional do Republicanos, Marcos Pereira; \u00a0e do deputado professor Israel (PV.DF).<\/p>\n<p><strong>Agenda<\/strong><\/p>\n<p>CICLO DE DEBATES \u2013 REGULA\u00c7\u00c3O LIVRE \u2013 Tema : \u201cO projeto da Reforma Administrativa em tramita\u00e7\u00e3o no Congresso Nacional\u201d<\/p>\n<p>DIA: 08\/10 (quinta-feira)<\/p>\n<p>HOR\u00c1RIO: 19h30<\/p>\n<p>LOCAL: Facebook: https:\/\/www.facebook.com\/sinagencias1\/ e Youtube: https:\/\/www.youtube.com\/sinagencias<\/p>\n<p>&nbsp;<\/p>\n","protected":false},"excerpt":{"rendered":"<p>Entre os temas as carreiras das Ag\u00eancias reguladoras.\u00a0O\u00a0 presidente do Sinag\u00eancias, Cleber Ferreira, recebe nesta\u00a0 quinta-feira (08\/10),\u00a0 a partir das 19h30,\u00a0 dentro das a\u00e7\u00f5es do Ciclo de debates \u2013 Regula\u00e7\u00e3o Livre, o senador Izalci Lucas (PSDB\/DF), para debater \u201cO projeto da Reforma Administrativa em tramita\u00e7\u00e3o no Congresso Nacional\u201d (PEC 32\/2020) O\u00a0 Ciclo de debates \u2013 Regula\u00e7\u00e3o Livre \u00e9 uma a\u00e7\u00e3o [&hellip;]<\/p>\n","protected":false},"author":27,"featured_media":0,"comment_status":"open","ping_status":"closed","sticky":false,"template":"","format":"standard","meta":{"footnotes":""},"categories":[2719],"tags":[693,18311,18170,101,15938,18310,4560],"class_list":["post-17948","post","type-post","status-publish","format-standard","hentry","category-servidor","tag-congresso-nacional","tag-izalci-lucas","tag-pec-32-2020","tag-projeto","tag-reforma-administrativa","tag-regulacao-livre","tag-sinagencias"],"_links":{"self":[{"href":"https:\/\/blogs.correiobraziliense.com.br\/servidor\/wp-json\/wp\/v2\/posts\/17948","targetHints":{"allow":["GET"]}}],"collection":[{"href":"https:\/\/blogs.correiobraziliense.com.br\/servidor\/wp-json\/wp\/v2\/posts"}],"about":[{"href":"https:\/\/blogs.correiobraziliense.com.br\/servidor\/wp-json\/wp\/v2\/types\/post"}],"author":[{"embeddable":true,"href":"https:\/\/blogs.correiobraziliense.com.br\/servidor\/wp-json\/wp\/v2\/users\/27"}],"replies":[{"embeddable":true,"href":"https:\/\/blogs.correiobraziliense.com.br\/servidor\/wp-json\/wp\/v2\/comments?post=17948"}],"version-history":[{"count":2,"href":"https:\/\/blogs.correiobraziliense.com.br\/servidor\/wp-json\/wp\/v2\/posts\/17948\/revisions"}],"predecessor-version":[{"id":17951,"href":"https:\/\/blogs.correiobraziliense.com.br\/servidor\/wp-json\/wp\/v2\/posts\/17948\/revisions\/17951"}],"wp:attachment":[{"href":"https:\/\/blogs.correiobraziliense.com.br\/servidor\/wp-json\/wp\/v2\/media?parent=17948"}],"wp:term":[{"taxonomy":"category","embeddable":true,"href":"https:\/\/blogs.correiobraziliense.com.br\/servidor\/wp-json\/wp\/v2\/categories?post=17948"},{"taxonomy":"post_tag","embeddable":true,"href":"https:\/\/blogs.correiobraziliense.com.br\/servidor\/wp-json\/wp\/v2\/tags?post=17948"}],"curies":[{"name":"wp","href":"https:\/\/api.w.org\/{rel}","templated":true}]}}