{"id":17940,"date":"2020-10-06T20:06:42","date_gmt":"2020-10-06T23:06:42","guid":{"rendered":"https:\/\/blogs.correiobraziliense.com.br\/servidor\/?p=17940"},"modified":"2020-10-06T20:13:16","modified_gmt":"2020-10-06T23:13:16","slug":"governo-libera-r-294-milhoes-para-compra-de-epis-a-servidores-e-de-urnas-eletronicas","status":"publish","type":"post","link":"https:\/\/blogs.correiobraziliense.com.br\/servidor\/governo-libera-r-294-milhoes-para-compra-de-epis-a-servidores-e-de-urnas-eletronicas\/","title":{"rendered":"Governo libera R$ 29,4 milh\u00f5es para compra de EPIs a servidores e de urnas eletr\u00f4nicas"},"content":{"rendered":"<p><em><strong>Recurso vai para retorno \u00e0s atividades presenciais e tamb\u00e9m ser\u00e1 usado para compra de urnas eletr\u00f4nicas<\/strong><\/em><\/p>\n<p>Ser\u00e1 publicado no Di\u00e1rio Oficial da Uni\u00e3o dessa quarta-feira (07), projeto de lei que abre cr\u00e9dito de R$ 29,4 milh\u00f5es para as Justi\u00e7as Federal, Eleitoral, e do Trabalho; do Conselho Nacional de Justi\u00e7a; do Minist\u00e9rio P\u00fablico da Uni\u00e3o; e do Conselho Nacional do Minist\u00e9rio P\u00fablico.<\/p>\n<p>O dinheiro vai ser aplicado na aquisi\u00e7\u00e3o de materiais e equipamentos de prote\u00e7\u00e3o individual para o retorno \u00e0s atividades presenciais no Tribunal Regional do Trabalho da 10\u00aa Regi\u00e3o &#8211; Distrito Federal e Tocantins; e compra de urnas eletr\u00f4nicas para reposi\u00e7\u00e3o, no Tribunal Superior Eleitoral. &#8220;O cr\u00e9dito ser\u00e1 financiado a partir do cancelamento de dota\u00e7\u00f5es or\u00e7ament\u00e1rias, n\u00e3o gerando custo adicional aos cofres p\u00fablicos&#8221;, destaca a Casa Civil.<\/p>\n","protected":false},"excerpt":{"rendered":"<p>Recurso vai para retorno \u00e0s atividades presenciais e tamb\u00e9m ser\u00e1 usado para compra de urnas eletr\u00f4nicas Ser\u00e1 publicado no Di\u00e1rio Oficial da Uni\u00e3o dessa quarta-feira (07), projeto de lei que abre cr\u00e9dito de R$ 29,4 milh\u00f5es para as Justi\u00e7as Federal, Eleitoral, e do Trabalho; do Conselho Nacional de Justi\u00e7a; do Minist\u00e9rio P\u00fablico da Uni\u00e3o; e do Conselho Nacional do Minist\u00e9rio [&hellip;]<\/p>\n","protected":false},"author":27,"featured_media":0,"comment_status":"open","ping_status":"closed","sticky":false,"template":"","format":"standard","meta":{"footnotes":""},"categories":[2719],"tags":[463,2547,3539,5259,98,260,2788,2548,1451,882,58,3538],"class_list":["post-17940","post","type-post","status-publish","format-standard","hentry","category-servidor","tag-atividades","tag-dotacoes","tag-eletronicas","tag-epi","tag-governo","tag-justica","tag-mpu","tag-orcamentarias","tag-presenciais","tag-reposicao","tag-servidores","tag-urnas"],"_links":{"self":[{"href":"https:\/\/blogs.correiobraziliense.com.br\/servidor\/wp-json\/wp\/v2\/posts\/17940","targetHints":{"allow":["GET"]}}],"collection":[{"href":"https:\/\/blogs.correiobraziliense.com.br\/servidor\/wp-json\/wp\/v2\/posts"}],"about":[{"href":"https:\/\/blogs.correiobraziliense.com.br\/servidor\/wp-json\/wp\/v2\/types\/post"}],"author":[{"embeddable":true,"href":"https:\/\/blogs.correiobraziliense.com.br\/servidor\/wp-json\/wp\/v2\/users\/27"}],"replies":[{"embeddable":true,"href":"https:\/\/blogs.correiobraziliense.com.br\/servidor\/wp-json\/wp\/v2\/comments?post=17940"}],"version-history":[{"count":5,"href":"https:\/\/blogs.correiobraziliense.com.br\/servidor\/wp-json\/wp\/v2\/posts\/17940\/revisions"}],"predecessor-version":[{"id":17945,"href":"https:\/\/blogs.correiobraziliense.com.br\/servidor\/wp-json\/wp\/v2\/posts\/17940\/revisions\/17945"}],"wp:attachment":[{"href":"https:\/\/blogs.correiobraziliense.com.br\/servidor\/wp-json\/wp\/v2\/media?parent=17940"}],"wp:term":[{"taxonomy":"category","embeddable":true,"href":"https:\/\/blogs.correiobraziliense.com.br\/servidor\/wp-json\/wp\/v2\/categories?post=17940"},{"taxonomy":"post_tag","embeddable":true,"href":"https:\/\/blogs.correiobraziliense.com.br\/servidor\/wp-json\/wp\/v2\/tags?post=17940"}],"curies":[{"name":"wp","href":"https:\/\/api.w.org\/{rel}","templated":true}]}}