{"id":17928,"date":"2020-10-06T15:51:28","date_gmt":"2020-10-06T18:51:28","guid":{"rendered":"https:\/\/blogs.correiobraziliense.com.br\/servidor\/?p=17928"},"modified":"2020-10-06T15:51:28","modified_gmt":"2020-10-06T18:51:28","slug":"justica-determina-que-ufrj-aglutine-cargos-oferecidos-em-concurso-e-reserve-cotas","status":"publish","type":"post","link":"https:\/\/blogs.correiobraziliense.com.br\/servidor\/justica-determina-que-ufrj-aglutine-cargos-oferecidos-em-concurso-e-reserve-cotas\/","title":{"rendered":"Justi\u00e7a determina que UFRJ aglutine cargos oferecidos em concurso e reserve cotas"},"content":{"rendered":"<p><em><strong>Decis\u00e3o atende pedido do Minist\u00e9rio P\u00fablico Federal (MPF), que considerou ilegal o fracionamento de vagas para bi\u00f3logo, qu\u00edmico e t\u00e9cnico em tecnologia da informa\u00e7\u00e3o em certame de 2019, mascarando a reserva de cotas<\/strong><\/em><\/p>\n<p>A Justi\u00e7a Federal julgou procedente o pedido do Minist\u00e9rio P\u00fablico Federal (MPF) e determinou que a Universidade Federal do Rio de Janeiro (UFRJ) aglutine vagas de bi\u00f3logo, qu\u00edmico e t\u00e9cnico em tecnologia da informa\u00e7\u00e3o, previstas no Edital n\u00ba 255\/2019, em um \u00fanico cargo. Com isso, passam a ser tr\u00eas vagas para cada especialidade, uma delas reservada a candidatos autodeclarados negros.<\/p>\n<p>O MPF, na\u00a0a\u00e7\u00e3o iniciada em agosto de 2019, considerou que os cargos de mesmas fun\u00e7\u00f5es foram desmembrados com diferen\u00e7a apenas pela \u00e1rea de atua\u00e7\u00e3o, mas com os mesmos requisitos de investidura e localidade para a fun\u00e7\u00e3o. Isso impediu que se chegasse a tr\u00eas vagas, mascarando a reserva de cota. Na mesma \u00e9poca, a UFRJ publicou o Edital n\u00ba 517\/2019, que incluiu a previs\u00e3o de reserva de vagas aos candidatos negros, mas n\u00e3o alterou a distribui\u00e7\u00e3o dos cargos, ou seja, n\u00e3o sanou a irregularidade.<\/p>\n<p>Mesmo com o novo edital, o ju\u00edzo da 7\u00aa Vara Federal do Rio de Janeiro considerou que a tentativa de fracionamento por especializa\u00e7\u00e3o burla a pol\u00edtica de cotas.\u00a0De acordo com a Lei 12.990\/14, devem ser reservadas aos negros 20% das vagas em concursos p\u00fablicos para cargos efetivos e empregos p\u00fablicos na administra\u00e7\u00e3o p\u00fablica direta e indireta. No entanto, tal reserva s\u00f3 se aplica quando s\u00e3o oferecidas ao menos tr\u00eas vagas para determinado cargo.<\/p>\n<p>Processo n\u00ba 5054650-73.2019.4.02.5101<\/p>\n","protected":false},"excerpt":{"rendered":"<p>Decis\u00e3o atende pedido do Minist\u00e9rio P\u00fablico Federal (MPF), que considerou ilegal o fracionamento de vagas para bi\u00f3logo, qu\u00edmico e t\u00e9cnico em tecnologia da informa\u00e7\u00e3o em certame de 2019, mascarando a reserva de cotas A Justi\u00e7a Federal julgou procedente o pedido do Minist\u00e9rio P\u00fablico Federal (MPF) e determinou que a Universidade Federal do Rio de Janeiro (UFRJ) aglutine vagas de bi\u00f3logo, [&hellip;]<\/p>\n","protected":false},"author":27,"featured_media":0,"comment_status":"open","ping_status":"closed","sticky":false,"template":"","format":"standard","meta":{"footnotes":""},"categories":[2719],"tags":[178,791,93,92,9630,260,453,97,18300,3734],"class_list":["post-17928","post","type-post","status-publish","format-standard","hentry","category-servidor","tag-candidatos","tag-cargos","tag-concurso","tag-edital","tag-fracionamento","tag-justica","tag-mpf","tag-negros","tag-reservas-de-cotas","tag-ufrj"],"_links":{"self":[{"href":"https:\/\/blogs.correiobraziliense.com.br\/servidor\/wp-json\/wp\/v2\/posts\/17928","targetHints":{"allow":["GET"]}}],"collection":[{"href":"https:\/\/blogs.correiobraziliense.com.br\/servidor\/wp-json\/wp\/v2\/posts"}],"about":[{"href":"https:\/\/blogs.correiobraziliense.com.br\/servidor\/wp-json\/wp\/v2\/types\/post"}],"author":[{"embeddable":true,"href":"https:\/\/blogs.correiobraziliense.com.br\/servidor\/wp-json\/wp\/v2\/users\/27"}],"replies":[{"embeddable":true,"href":"https:\/\/blogs.correiobraziliense.com.br\/servidor\/wp-json\/wp\/v2\/comments?post=17928"}],"version-history":[{"count":1,"href":"https:\/\/blogs.correiobraziliense.com.br\/servidor\/wp-json\/wp\/v2\/posts\/17928\/revisions"}],"predecessor-version":[{"id":17929,"href":"https:\/\/blogs.correiobraziliense.com.br\/servidor\/wp-json\/wp\/v2\/posts\/17928\/revisions\/17929"}],"wp:attachment":[{"href":"https:\/\/blogs.correiobraziliense.com.br\/servidor\/wp-json\/wp\/v2\/media?parent=17928"}],"wp:term":[{"taxonomy":"category","embeddable":true,"href":"https:\/\/blogs.correiobraziliense.com.br\/servidor\/wp-json\/wp\/v2\/categories?post=17928"},{"taxonomy":"post_tag","embeddable":true,"href":"https:\/\/blogs.correiobraziliense.com.br\/servidor\/wp-json\/wp\/v2\/tags?post=17928"}],"curies":[{"name":"wp","href":"https:\/\/api.w.org\/{rel}","templated":true}]}}