{"id":1791,"date":"2016-06-03T15:03:09","date_gmt":"2016-06-03T18:03:09","guid":{"rendered":"https:\/\/blogs.correiobraziliense.com.br\/servidor\/?p=1791"},"modified":"2016-06-03T15:03:09","modified_gmt":"2016-06-03T18:03:09","slug":"liminar-suspende-exoneracao-de-diretor-presidente-da-ebc","status":"publish","type":"post","link":"https:\/\/blogs.correiobraziliense.com.br\/servidor\/liminar-suspende-exoneracao-de-diretor-presidente-da-ebc\/","title":{"rendered":"LIMINAR SUSPENDE EXONERA\u00c7\u00c3O DE DIRETOR-PRESIDENTE DA EBC"},"content":{"rendered":"<p>Liminar do ministro\u00a0Dias Toffoli<strong>,<\/strong>\u00a0do Supremo Tribunal Federal (STF), garante o retorno do jornalista\u00a0<strong>Ricardo Pereira de Melo<\/strong>\u00a0ao cargo de diretor-presidente da Empresa Brasileira de Comunica\u00e7\u00e3o S\/A (EBC). A decis\u00e3o foi tomada no Mandado de Seguran\u00e7a (MS) 34205, em que o jornalista questiona o ato de exonera\u00e7\u00e3o do cargo assinado pelo presidente da Rep\u00fablica em exerc\u00edcio, Michel Temer.<\/p>\n<p>&nbsp;<\/p>\n<p>Ricardo Melo foi nomeado pela presidente da Rep\u00fablica Dilma Rousseff no dia 3 de maio\u00a0para mandato de quatro anos, com base na Lei 11.652\/2008, que criou a EBC. Em 17 do mesmo m\u00eas, foi afastado do cargo por ato de Michel Temer, que assumiu o exerc\u00edcio da Presid\u00eancia a partir do afastamento de Dilma Rousseff em decorr\u00eancia da abertura do processo de\u00a0<em>impeachment\u00a0<\/em>contra ela\u00a0pelo Senado Federal.<\/p>\n<p>&nbsp;<\/p>\n<p>Na decis\u00e3o, o ministro Dias Toffoli considerou a autonomia de gest\u00e3o que deve ser garantida \u00e0 EBC, empresa p\u00fablica, que tem por finalidade a presta\u00e7\u00e3o de servi\u00e7os de radiodifus\u00e3o p\u00fablica, sob determinados princ\u00edpios &#8211; dos quais destacou a autonomia em rela\u00e7\u00e3o ao Governo Federal para definir produ\u00e7\u00e3o, programa\u00e7\u00e3o e distribui\u00e7\u00e3o de conte\u00fado no sistema p\u00fablico de radiodifus\u00e3o. Em sua avalia\u00e7\u00e3o, a discuss\u00e3o\u00a0no caso\u00a0diz respeito \u00e0 possibilidade do chefe do Executivo determinar a destitui\u00e7\u00e3o de dirigente de empresa p\u00fablica que,\u00a0por for\u00e7a de lei, exerce mandato.<\/p>\n<p>&nbsp;<\/p>\n<p>O relator fez analogia com a autonomia que deve ser garantida \u00e0s ag\u00eancias reguladoras e citou o julgamento da A\u00e7\u00e3o Direta de Inconstitucionalidade (ADI) 1949, em que o Plen\u00e1rio considerou inconstitucional lei do Estado do Rio Grande do Sul que condicionava a destitui\u00e7\u00e3o de dirigentes de ag\u00eancia reguladora estadual exclusivamente ao crivo do Poder Legislativo local. Na ocasi\u00e3o, o ministro\u00a0frisou em seu voto que, embora necess\u00e1ria a participa\u00e7\u00e3o do chefe do Executivo na exonera\u00e7\u00e3o dos conselheiros das ag\u00eancias reguladoras, tamb\u00e9m n\u00e3o poderia ficar a crit\u00e9rio discricion\u00e1rio desse Poder, sob pena de subvers\u00e3o da pr\u00f3pria natureza da autarquia especial. Destacou ainda naquele julgamento que as hip\u00f3teses de perda de mandato &#8220;devem sempre observar a necessidade de motiva\u00e7\u00e3o e de processo formal, n\u00e3o havendo espa\u00e7o para discricionariedade pelo chefe do Executivo&#8221;.<\/p>\n<p>&nbsp;<\/p>\n<p>Ele observou que a lei de cria\u00e7\u00e3o da EBC estabelece, no artigo 19, a composi\u00e7\u00e3o da Diretoria Executiva da empresa e, no par\u00e1grafo 2\u00ba, fixa o mandato de quatro anos para o diretor-presidente, situa\u00e7\u00e3o prevista tamb\u00e9m no estatuto da empresa (Decreto 6.689\/2008).\u00a0Explicou que a livre decis\u00e3o do presidente da Rep\u00fablica n\u00e3o integra as hip\u00f3teses de destitui\u00e7\u00e3o do cargo.<\/p>\n<p>&nbsp;<\/p>\n<p>\u201cPelo exposto, concedo a liminar requerida, para suspender o ato impugnado, at\u00e9 decis\u00e3o final do presente mandado de seguran\u00e7a, garantindo-se ao impetrante o exerc\u00edcio do mandato no cargo de diretor-presidente da EBC\u201d, concluiu o relator.<\/p>\n","protected":false},"excerpt":{"rendered":"<p>Liminar do ministro\u00a0Dias Toffoli,\u00a0do Supremo Tribunal Federal (STF), garante o retorno do jornalista\u00a0Ricardo Pereira de Melo\u00a0ao cargo de diretor-presidente da Empresa Brasileira de Comunica\u00e7\u00e3o S\/A (EBC). A decis\u00e3o foi tomada no Mandado de Seguran\u00e7a (MS) 34205, em que o jornalista questiona o ato de exonera\u00e7\u00e3o do cargo assinado pelo presidente da Rep\u00fablica em exerc\u00edcio, Michel Temer. &nbsp; Ricardo Melo foi [&hellip;]<\/p>\n","protected":false},"author":27,"featured_media":0,"comment_status":"open","ping_status":"closed","sticky":false,"template":"","format":"standard","meta":{"footnotes":""},"categories":[1],"tags":[2127,2128,908,617,34,698],"class_list":["post-1791","post","type-post","status-publish","format-standard","hentry","category-sem-categoria","tag-diretor-presidente","tag-ebc","tag-exoneracao","tag-liminar","tag-stf","tag-suspende"],"_links":{"self":[{"href":"https:\/\/blogs.correiobraziliense.com.br\/servidor\/wp-json\/wp\/v2\/posts\/1791","targetHints":{"allow":["GET"]}}],"collection":[{"href":"https:\/\/blogs.correiobraziliense.com.br\/servidor\/wp-json\/wp\/v2\/posts"}],"about":[{"href":"https:\/\/blogs.correiobraziliense.com.br\/servidor\/wp-json\/wp\/v2\/types\/post"}],"author":[{"embeddable":true,"href":"https:\/\/blogs.correiobraziliense.com.br\/servidor\/wp-json\/wp\/v2\/users\/27"}],"replies":[{"embeddable":true,"href":"https:\/\/blogs.correiobraziliense.com.br\/servidor\/wp-json\/wp\/v2\/comments?post=1791"}],"version-history":[{"count":1,"href":"https:\/\/blogs.correiobraziliense.com.br\/servidor\/wp-json\/wp\/v2\/posts\/1791\/revisions"}],"predecessor-version":[{"id":1792,"href":"https:\/\/blogs.correiobraziliense.com.br\/servidor\/wp-json\/wp\/v2\/posts\/1791\/revisions\/1792"}],"wp:attachment":[{"href":"https:\/\/blogs.correiobraziliense.com.br\/servidor\/wp-json\/wp\/v2\/media?parent=1791"}],"wp:term":[{"taxonomy":"category","embeddable":true,"href":"https:\/\/blogs.correiobraziliense.com.br\/servidor\/wp-json\/wp\/v2\/categories?post=1791"},{"taxonomy":"post_tag","embeddable":true,"href":"https:\/\/blogs.correiobraziliense.com.br\/servidor\/wp-json\/wp\/v2\/tags?post=1791"}],"curies":[{"name":"wp","href":"https:\/\/api.w.org\/{rel}","templated":true}]}}