{"id":17907,"date":"2020-10-02T19:17:07","date_gmt":"2020-10-02T22:17:07","guid":{"rendered":"https:\/\/blogs.correiobraziliense.com.br\/servidor\/?p=17907"},"modified":"2020-10-02T19:17:07","modified_gmt":"2020-10-02T22:17:07","slug":"governo-autoriza-nomeacao-de-139-auditores-fiscais-federais-agropecuarios","status":"publish","type":"post","link":"https:\/\/blogs.correiobraziliense.com.br\/servidor\/governo-autoriza-nomeacao-de-139-auditores-fiscais-federais-agropecuarios\/","title":{"rendered":"Governo autoriza nomea\u00e7\u00e3o de 139 auditores fiscais federais agropecu\u00e1rios"},"content":{"rendered":"<p><em><strong>A nomea\u00e7\u00e3o ser\u00e1 publicada no Di\u00e1rio Oficial da Uni\u00e3o (DOU) da pr\u00f3xima segunda-feira, 5 de outubro. O objetivo, de acordo com informe da Casa Civil, \u00e9\u00a0refor\u00e7ar a\u00e7\u00f5es na \u00e1rea de defesa agropecu\u00e1ria, garantir a produ\u00e7\u00e3o nacional e o livre acesso aos mercados internacionais<\/strong><\/em><\/p>\n<p>O decreto assinado pelo presidente Jair Bolsonaro autoriza nomea\u00e7\u00e3o adicional de 139 aprovados e n\u00e3o convocados no concurso p\u00fablico para o cargo de auditor fiscal federal agropecu\u00e1rio, no cargo de m\u00e9dico veterin\u00e1rio, do Quadro de Pessoal do Minist\u00e9rio da Agricultura, Pecu\u00e1ria e Abastecimento (Mapa).<\/p>\n<p>&#8220;O fortalecimento da fiscaliza\u00e7\u00e3o agropecu\u00e1ria tem como principal objetivo o cumprimento das a\u00e7\u00f5es voltadas \u00e0 \u00e1rea de defesa agropecu\u00e1ria e a garantia da produ\u00e7\u00e3o nacional, bem como o livre acesso aos mercados internacionais, de forma a garantir produtos de qualidade para o mercado interno e externo&#8221;, destaca o documento.<\/p>\n<p><strong>O cargo<\/strong><\/p>\n<p>Os nomeados ter\u00e3o sal\u00e1rio inicial de R$ 15.042,71, com jornada de trabalho de 40 horas semanais. O valor j\u00e1 inclui o benef\u00edcio de aux\u00edlio-alimenta\u00e7\u00e3o de R$ 458,00. O concurso para o Mapa, de 2017, teve o prazo de vig\u00eancia prorrogados at\u00e9\u00a02022. Ofertou 300 vagas para o graduados em medicina veterin\u00e1ria, com registro ativo nos conselhos regionais ou federal da categoria.<\/p>\n","protected":false},"excerpt":{"rendered":"<p>A nomea\u00e7\u00e3o ser\u00e1 publicada no Di\u00e1rio Oficial da Uni\u00e3o (DOU) da pr\u00f3xima segunda-feira, 5 de outubro. O objetivo, de acordo com informe da Casa Civil, \u00e9\u00a0refor\u00e7ar a\u00e7\u00f5es na \u00e1rea de defesa agropecu\u00e1ria, garantir a produ\u00e7\u00e3o nacional e o livre acesso aos mercados internacionais O decreto assinado pelo presidente Jair Bolsonaro autoriza nomea\u00e7\u00e3o adicional de 139 aprovados e n\u00e3o convocados no [&hellip;]<\/p>\n","protected":false},"author":27,"featured_media":0,"comment_status":"open","ping_status":"closed","sticky":false,"template":"","format":"standard","meta":{"footnotes":""},"categories":[2719],"tags":[5433,2585,124,67,98,1232,14,7477,6141,307,18295],"class_list":["post-17907","post","type-post","status-publish","format-standard","hentry","category-servidor","tag-agropecuario","tag-auditor","tag-federal","tag-fiscal","tag-governo","tag-internacionais","tag-mapa","tag-medico","tag-mercados","tag-nomeacao","tag-veterinario"],"_links":{"self":[{"href":"https:\/\/blogs.correiobraziliense.com.br\/servidor\/wp-json\/wp\/v2\/posts\/17907","targetHints":{"allow":["GET"]}}],"collection":[{"href":"https:\/\/blogs.correiobraziliense.com.br\/servidor\/wp-json\/wp\/v2\/posts"}],"about":[{"href":"https:\/\/blogs.correiobraziliense.com.br\/servidor\/wp-json\/wp\/v2\/types\/post"}],"author":[{"embeddable":true,"href":"https:\/\/blogs.correiobraziliense.com.br\/servidor\/wp-json\/wp\/v2\/users\/27"}],"replies":[{"embeddable":true,"href":"https:\/\/blogs.correiobraziliense.com.br\/servidor\/wp-json\/wp\/v2\/comments?post=17907"}],"version-history":[{"count":1,"href":"https:\/\/blogs.correiobraziliense.com.br\/servidor\/wp-json\/wp\/v2\/posts\/17907\/revisions"}],"predecessor-version":[{"id":17908,"href":"https:\/\/blogs.correiobraziliense.com.br\/servidor\/wp-json\/wp\/v2\/posts\/17907\/revisions\/17908"}],"wp:attachment":[{"href":"https:\/\/blogs.correiobraziliense.com.br\/servidor\/wp-json\/wp\/v2\/media?parent=17907"}],"wp:term":[{"taxonomy":"category","embeddable":true,"href":"https:\/\/blogs.correiobraziliense.com.br\/servidor\/wp-json\/wp\/v2\/categories?post=17907"},{"taxonomy":"post_tag","embeddable":true,"href":"https:\/\/blogs.correiobraziliense.com.br\/servidor\/wp-json\/wp\/v2\/tags?post=17907"}],"curies":[{"name":"wp","href":"https:\/\/api.w.org\/{rel}","templated":true}]}}