{"id":17894,"date":"2020-10-02T10:53:16","date_gmt":"2020-10-02T13:53:16","guid":{"rendered":"https:\/\/blogs.correiobraziliense.com.br\/servidor\/?p=17894"},"modified":"2020-10-02T10:53:16","modified_gmt":"2020-10-02T13:53:16","slug":"amb-apoia-indicacao-de-kassio-nunes-ao-stf","status":"publish","type":"post","link":"https:\/\/blogs.correiobraziliense.com.br\/servidor\/amb-apoia-indicacao-de-kassio-nunes-ao-stf\/","title":{"rendered":"AMB apoia indica\u00e7\u00e3o de Kassio Nunes ao STF"},"content":{"rendered":"<p><em><strong>Por meio de nota, a Associa\u00e7\u00e3o dos Magistrados Brasileiros (AMB) manifestou apoio \u00e0 indica\u00e7\u00e3o do desembargador Kassio Nunes Marques para a vaga de ministro do Supremo Tribunal Federal (STF)<\/strong><\/em><\/p>\n<p>&#8220;A AMB, maior entidade representativa da magistratura nacional, reitera a confian\u00e7a na independ\u00eancia e na capacidade t\u00e9cnica do magistrado para ocupar o cargo na mais alta corte do pa\u00eds, em conformidade com a Constitui\u00e7\u00e3o e as leis da Rep\u00fablica&#8221;, destaca o documento assinado pela presidente\u00a0Renata Gil.<\/p>\n","protected":false},"excerpt":{"rendered":"<p>Por meio de nota, a Associa\u00e7\u00e3o dos Magistrados Brasileiros (AMB) manifestou apoio \u00e0 indica\u00e7\u00e3o do desembargador Kassio Nunes Marques para a vaga de ministro do Supremo Tribunal Federal (STF) &#8220;A AMB, maior entidade representativa da magistratura nacional, reitera a confian\u00e7a na independ\u00eancia e na capacidade t\u00e9cnica do magistrado para ocupar o cargo na mais alta corte do pa\u00eds, em conformidade [&hellip;]<\/p>\n","protected":false},"author":27,"featured_media":0,"comment_status":"open","ping_status":"closed","sticky":false,"template":"","format":"standard","meta":{"footnotes":""},"categories":[2719],"tags":[1409,2584,18288,2323,34],"class_list":["post-17894","post","type-post","status-publish","format-standard","hentry","category-servidor","tag-amb","tag-constituicao","tag-kassio-nunes","tag-magistratura","tag-stf"],"_links":{"self":[{"href":"https:\/\/blogs.correiobraziliense.com.br\/servidor\/wp-json\/wp\/v2\/posts\/17894","targetHints":{"allow":["GET"]}}],"collection":[{"href":"https:\/\/blogs.correiobraziliense.com.br\/servidor\/wp-json\/wp\/v2\/posts"}],"about":[{"href":"https:\/\/blogs.correiobraziliense.com.br\/servidor\/wp-json\/wp\/v2\/types\/post"}],"author":[{"embeddable":true,"href":"https:\/\/blogs.correiobraziliense.com.br\/servidor\/wp-json\/wp\/v2\/users\/27"}],"replies":[{"embeddable":true,"href":"https:\/\/blogs.correiobraziliense.com.br\/servidor\/wp-json\/wp\/v2\/comments?post=17894"}],"version-history":[{"count":1,"href":"https:\/\/blogs.correiobraziliense.com.br\/servidor\/wp-json\/wp\/v2\/posts\/17894\/revisions"}],"predecessor-version":[{"id":17895,"href":"https:\/\/blogs.correiobraziliense.com.br\/servidor\/wp-json\/wp\/v2\/posts\/17894\/revisions\/17895"}],"wp:attachment":[{"href":"https:\/\/blogs.correiobraziliense.com.br\/servidor\/wp-json\/wp\/v2\/media?parent=17894"}],"wp:term":[{"taxonomy":"category","embeddable":true,"href":"https:\/\/blogs.correiobraziliense.com.br\/servidor\/wp-json\/wp\/v2\/categories?post=17894"},{"taxonomy":"post_tag","embeddable":true,"href":"https:\/\/blogs.correiobraziliense.com.br\/servidor\/wp-json\/wp\/v2\/tags?post=17894"}],"curies":[{"name":"wp","href":"https:\/\/api.w.org\/{rel}","templated":true}]}}