{"id":17887,"date":"2020-10-01T20:45:09","date_gmt":"2020-10-01T23:45:09","guid":{"rendered":"https:\/\/blogs.correiobraziliense.com.br\/servidor\/?p=17887"},"modified":"2020-10-02T11:02:00","modified_gmt":"2020-10-02T14:02:00","slug":"mp-do-governo-amplia-margem-de-credito-consignado-para-beneficiarios-do-inss","status":"publish","type":"post","link":"https:\/\/blogs.correiobraziliense.com.br\/servidor\/mp-do-governo-amplia-margem-de-credito-consignado-para-beneficiarios-do-inss\/","title":{"rendered":"MP do governo amplia margem de cr\u00e9dito consignado para benefici\u00e1rios do INSS"},"content":{"rendered":"<figure id=\"attachment_17603\" aria-describedby=\"caption-attachment-17603\" style=\"width: 800px\" class=\"wp-caption alignnone\"><a href=\"https:\/\/blogs.correiobraziliense.com.br\/servidor\/wp-content\/uploads\/sites\/10\/2020\/09\/inss.jpg\"><img loading=\"lazy\" decoding=\"async\" class=\"size-full wp-image-17603\" src=\"https:\/\/blogs.correiobraziliense.com.br\/servidor\/wp-content\/uploads\/sites\/10\/2020\/09\/inss.jpg\" alt=\"ag\u00eancia do inss\" width=\"800\" height=\"478\" srcset=\"https:\/\/blogs.correiobraziliense.com.br\/servidor\/wp-content\/uploads\/sites\/10\/2020\/09\/inss.jpg 800w, https:\/\/blogs.correiobraziliense.com.br\/servidor\/wp-content\/uploads\/sites\/10\/2020\/09\/inss-300x179.jpg 300w, https:\/\/blogs.correiobraziliense.com.br\/servidor\/wp-content\/uploads\/sites\/10\/2020\/09\/inss-768x459.jpg 768w, https:\/\/blogs.correiobraziliense.com.br\/servidor\/wp-content\/uploads\/sites\/10\/2020\/09\/inss-550x329.jpg 550w, https:\/\/blogs.correiobraziliense.com.br\/servidor\/wp-content\/uploads\/sites\/10\/2020\/09\/inss-230x137.jpg 230w\" sizes=\"auto, (max-width: 800px) 100vw, 800px\" \/><\/a><figcaption id=\"caption-attachment-17603\" class=\"wp-caption-text\">Credito Marcelo Camargo\/Agencia Brasil<\/figcaption><\/figure>\n<p><em><strong>O comprometimento das aposentadorias e pens\u00f5es pode chegar, com a medida, a 40%. De acordo com o Minist\u00e9rio da Economia, a inten\u00e7\u00e3o \u00e9 &#8220;aumentar a\u00a0oferta de cr\u00e9dito em momento de emerg\u00eancia&#8221;, at\u00e9 31 de dezembro<\/strong><\/em><\/p>\n<p>Atualmente, aposentados e pensionistas do INSS podem requerer empr\u00e9stimos consignados que comprometam at\u00e9 35% do valor do benef\u00edcio (5% para uso de cart\u00e3o de cr\u00e9dito na modalidade saque). Com a amplia\u00e7\u00e3o, os empr\u00e9stimos poder\u00e3o comprometer at\u00e9 40% do valor do benef\u00edcio (5% para uso de cart\u00e3o de cr\u00e9dito na modalidade saque).<\/p>\n<p>&#8220;Medida Provis\u00f3ria, editada pelo presidente da Rep\u00fablica, Jair Bolsonaro, facilita concess\u00e3o de cr\u00e9dito consignado para benefici\u00e1rios do Instituto Nacional do Seguro Social (INSS) em empr\u00e9stimos concedidos at\u00e9 31 de dezembro de 2020. O objetivo \u00e9 possibilitar que potenciais endividados tenham acesso a empr\u00e9stimos consignados com juros menores&#8221;, destaca a Casa Civil da Presid\u00eancia da Rep\u00fablica.<\/p>\n","protected":false},"excerpt":{"rendered":"<p>O comprometimento das aposentadorias e pens\u00f5es pode chegar, com a medida, a 40%. De acordo com o Minist\u00e9rio da Economia, a inten\u00e7\u00e3o \u00e9 &#8220;aumentar a\u00a0oferta de cr\u00e9dito em momento de emerg\u00eancia&#8221;, at\u00e9 31 de dezembro Atualmente, aposentados e pensionistas do INSS podem requerer empr\u00e9stimos consignados que comprometam at\u00e9 35% do valor do benef\u00edcio (5% para uso de cart\u00e3o de cr\u00e9dito [&hellip;]<\/p>\n","protected":false},"author":27,"featured_media":0,"comment_status":"open","ping_status":"closed","sticky":false,"template":"","format":"standard","meta":{"footnotes":""},"categories":[2719],"tags":[2055,980,386,6400,3829,766,1331,3914,98,11,14327,853,849],"class_list":["post-17887","post","type-post","status-publish","format-standard","hentry","category-servidor","tag-aposentadorias","tag-beneficiarios","tag-beneficio","tag-bolsonaro","tag-cartao-de-credito","tag-casa-civil","tag-consignados","tag-emprestimos","tag-governo","tag-inss","tag-ministerio-da-economia","tag-mp","tag-pensoes"],"_links":{"self":[{"href":"https:\/\/blogs.correiobraziliense.com.br\/servidor\/wp-json\/wp\/v2\/posts\/17887","targetHints":{"allow":["GET"]}}],"collection":[{"href":"https:\/\/blogs.correiobraziliense.com.br\/servidor\/wp-json\/wp\/v2\/posts"}],"about":[{"href":"https:\/\/blogs.correiobraziliense.com.br\/servidor\/wp-json\/wp\/v2\/types\/post"}],"author":[{"embeddable":true,"href":"https:\/\/blogs.correiobraziliense.com.br\/servidor\/wp-json\/wp\/v2\/users\/27"}],"replies":[{"embeddable":true,"href":"https:\/\/blogs.correiobraziliense.com.br\/servidor\/wp-json\/wp\/v2\/comments?post=17887"}],"version-history":[{"count":5,"href":"https:\/\/blogs.correiobraziliense.com.br\/servidor\/wp-json\/wp\/v2\/posts\/17887\/revisions"}],"predecessor-version":[{"id":17897,"href":"https:\/\/blogs.correiobraziliense.com.br\/servidor\/wp-json\/wp\/v2\/posts\/17887\/revisions\/17897"}],"wp:attachment":[{"href":"https:\/\/blogs.correiobraziliense.com.br\/servidor\/wp-json\/wp\/v2\/media?parent=17887"}],"wp:term":[{"taxonomy":"category","embeddable":true,"href":"https:\/\/blogs.correiobraziliense.com.br\/servidor\/wp-json\/wp\/v2\/categories?post=17887"},{"taxonomy":"post_tag","embeddable":true,"href":"https:\/\/blogs.correiobraziliense.com.br\/servidor\/wp-json\/wp\/v2\/tags?post=17887"}],"curies":[{"name":"wp","href":"https:\/\/api.w.org\/{rel}","templated":true}]}}