{"id":17885,"date":"2020-10-01T20:38:03","date_gmt":"2020-10-01T23:38:03","guid":{"rendered":"https:\/\/blogs.correiobraziliense.com.br\/servidor\/?p=17885"},"modified":"2020-10-01T20:38:03","modified_gmt":"2020-10-01T23:38:03","slug":"bolsonaro-sanciona-cadastro-nacional-de-condenados-por-estupro","status":"publish","type":"post","link":"https:\/\/blogs.correiobraziliense.com.br\/servidor\/bolsonaro-sanciona-cadastro-nacional-de-condenados-por-estupro\/","title":{"rendered":"Bolsonaro sanciona cadastro nacional de condenados por estupro"},"content":{"rendered":"<p><em><strong>Objetivo do cadastro \u00e9 dar mais agilidade na puni\u00e7\u00e3o de agressores, al\u00e9m de contribuir para a redu\u00e7\u00e3o do n\u00famero de casos. A lei ser\u00e1 publicada amanh\u00e3 do Di\u00e1rio Oficial da Uni\u00e3o (DOU). Em 2018, foram registrados mais de 66 mil estupros no pa\u00eds, uma m\u00e9dia de 180 por dia<\/strong><\/em><\/p>\n<p>O presidente da Rep\u00fablica, Jair Bolsonaro, sancionou o Projeto de Lei n\u00ba 5.013, de 2019, que cria o Cadastro Nacional de Pessoas Condenadas por Crime de Estupro, que ir\u00e1 contribuir para agilizar a averigua\u00e7\u00e3o criminal e, por consequ\u00eancia, na rapidez da puni\u00e7\u00e3o dos agressores. O texto foi enviado para san\u00e7\u00e3o no \u00faltimo dia 9 de setembro, pelo Senado.<\/p>\n<p>O relator da proposta, senador Eduardo Braga (MDB-AM), registrou que mais da metade das v\u00edtimas de estupro tem menos de 13 anos. Ele defendeu o refor\u00e7o das pol\u00edticas p\u00fablicas de preven\u00e7\u00e3o e repress\u00e3o desse crime que, segundo ele, \u00e9 reiterado.<\/p>\n<p>A inten\u00e7\u00e3o \u00e9 que o cadastro tenha informa\u00e7\u00f5es de identifica\u00e7\u00e3o pessoal, algumas j\u00e1 coletadas pelas pol\u00edcias judici\u00e1rias atualmente. Para os condenados que estejam em liberdade condicional, dever\u00e1 constar o registro do endere\u00e7o residencial e os \u00faltimos registros profissionais, a inten\u00e7\u00e3o \u00e9 facilitar sua localiza\u00e7\u00e3o e manter suas informa\u00e7\u00f5es atualizadas.<\/p>\n<p>A lei tamb\u00e9m institui que instrumento de coopera\u00e7\u00e3o poder\u00e1 ser estabelecido para dar o acesso e as responsabilidades pelo processo de atualiza\u00e7\u00e3o e de valida\u00e7\u00e3o das informa\u00e7\u00f5es inseridas no cadastro. Para isso, Uni\u00e3o e Estados ir\u00e3o trabalhar em conjunto na atualiza\u00e7\u00e3o de dados e acesso a banco de informa\u00e7\u00f5es. A base de dados ser\u00e1 desenvolvida, instalada e mantida por meio de recursos do Fundo Nacional de Seguran\u00e7a P\u00fablica.<\/p>\n<p>Segundo Relat\u00f3rio Legislativo, a cria\u00e7\u00e3o deste mecanismo \u00e9 um avan\u00e7o importante para que se possa frear uma estat\u00edstica que tem aumentado no Brasil: s\u00f3 em 2018, foram registrados mais de 66 mil estupros no pa\u00eds, uma m\u00e9dia de 180 por dia. Os n\u00fameros do \u00faltimo Anu\u00e1rio Brasileiro de Seguran\u00e7a P\u00fablica revelaram outro alerta: 53,8% das v\u00edtimas t\u00eam menos de 13 anos. Segundo a publica\u00e7\u00e3o, essas estat\u00edsticas, embasadas nos casos de viol\u00eancia sexual que s\u00e3o notificados \u00e0 pol\u00edcia, representam menos de 10% total de casos que acontecem no pa\u00eds.<\/p>\n","protected":false},"excerpt":{"rendered":"<p>Objetivo do cadastro \u00e9 dar mais agilidade na puni\u00e7\u00e3o de agressores, al\u00e9m de contribuir para a redu\u00e7\u00e3o do n\u00famero de casos. A lei ser\u00e1 publicada amanh\u00e3 do Di\u00e1rio Oficial da Uni\u00e3o (DOU). Em 2018, foram registrados mais de 66 mil estupros no pa\u00eds, uma m\u00e9dia de 180 por dia O presidente da Rep\u00fablica, Jair Bolsonaro, sancionou o Projeto de Lei [&hellip;]<\/p>\n","protected":false},"author":27,"featured_media":0,"comment_status":"open","ping_status":"closed","sticky":false,"template":"","format":"standard","meta":{"footnotes":""},"categories":[2719],"tags":[13021,6400,86,2145,1049,1769,16457,70,1141,18287],"class_list":["post-17885","post","type-post","status-publish","format-standard","hentry","category-servidor","tag-agressores","tag-bolsonaro","tag-cadastro","tag-casos","tag-condenados","tag-dou","tag-estupro","tag-nacional","tag-punicao","tag-sanciona"],"_links":{"self":[{"href":"https:\/\/blogs.correiobraziliense.com.br\/servidor\/wp-json\/wp\/v2\/posts\/17885","targetHints":{"allow":["GET"]}}],"collection":[{"href":"https:\/\/blogs.correiobraziliense.com.br\/servidor\/wp-json\/wp\/v2\/posts"}],"about":[{"href":"https:\/\/blogs.correiobraziliense.com.br\/servidor\/wp-json\/wp\/v2\/types\/post"}],"author":[{"embeddable":true,"href":"https:\/\/blogs.correiobraziliense.com.br\/servidor\/wp-json\/wp\/v2\/users\/27"}],"replies":[{"embeddable":true,"href":"https:\/\/blogs.correiobraziliense.com.br\/servidor\/wp-json\/wp\/v2\/comments?post=17885"}],"version-history":[{"count":1,"href":"https:\/\/blogs.correiobraziliense.com.br\/servidor\/wp-json\/wp\/v2\/posts\/17885\/revisions"}],"predecessor-version":[{"id":17886,"href":"https:\/\/blogs.correiobraziliense.com.br\/servidor\/wp-json\/wp\/v2\/posts\/17885\/revisions\/17886"}],"wp:attachment":[{"href":"https:\/\/blogs.correiobraziliense.com.br\/servidor\/wp-json\/wp\/v2\/media?parent=17885"}],"wp:term":[{"taxonomy":"category","embeddable":true,"href":"https:\/\/blogs.correiobraziliense.com.br\/servidor\/wp-json\/wp\/v2\/categories?post=17885"},{"taxonomy":"post_tag","embeddable":true,"href":"https:\/\/blogs.correiobraziliense.com.br\/servidor\/wp-json\/wp\/v2\/tags?post=17885"}],"curies":[{"name":"wp","href":"https:\/\/api.w.org\/{rel}","templated":true}]}}