{"id":17881,"date":"2020-10-01T19:44:40","date_gmt":"2020-10-01T22:44:40","guid":{"rendered":"https:\/\/blogs.correiobraziliense.com.br\/servidor\/?p=17881"},"modified":"2020-10-01T19:44:40","modified_gmt":"2020-10-01T22:44:40","slug":"usar-precatorios-para-financiar-programas-sociais-e-esdruxulo-disse-afif-domingos","status":"publish","type":"post","link":"https:\/\/blogs.correiobraziliense.com.br\/servidor\/usar-precatorios-para-financiar-programas-sociais-e-esdruxulo-disse-afif-domingos\/","title":{"rendered":"Usar precat\u00f3rios para financiar programas sociais \u00e9 &#8220;esdr\u00faxulo&#8221;, disse Afif Domingos"},"content":{"rendered":"<p><em><strong>A declara\u00e7\u00e3o causou a chamada &#8220;saia justa&#8221;, durante uma entrevista coletiva na qual a Procuradoria-Geral da Fazenda Nacional (PGFN) divulgava novo sistema de cobran\u00e7a de impostos a inscritos da d\u00edvida de Uni\u00e3o, mais afetados pela pandemia<\/strong><\/em><\/p>\n<p>Guilherme Afif Domingos, assessor especial do ministro da Economia, Paulo Guedes, n\u00e3o poupou palavras quando perguntado sobre o uso de precat\u00f3rios para financiar um novo programa de transfer\u00eancia de renda. &#8220;Essa proposta n\u00e3o saiu do minist\u00e9rio. \u00c9 uma proposta esdr\u00faxula, que n\u00e3o tem cabimento&#8221;, afirmou.<\/p>\n<p>De acordo com Domingos, os pagamento de precat\u00f3rio s\u00e3o provis\u00f3rios e programas de ajuda aos mais necessitados s\u00e3o permanentes. Ele refor\u00e7ou que nunca falou sobre essa iniciativa, que foi divulgada pelo presidente da Rep\u00fablica e abra\u00e7ada pelo seu chefe. &#8220;O que eu disse \u00e9 que salta os olhos o aumento vertiginoso dos precat\u00f3rios no or\u00e7amento. Da\u00ed a falar sobre programa de renda, n\u00e3o&#8221;. refor\u00e7ou.<\/p>\n<p>No entanto, segundo o assessor, Guedes &#8220;tem posi\u00e7\u00e3o negativa sobre o uso dos precat\u00f3rios e a inten\u00e7\u00e3o n\u00e3o \u00e9 postergar d\u00edvidas, porque vai descasar o Or\u00e7amento&#8221;. Depois\u00a0 de causar protestos e repercuss\u00e3o negativos, o presidente da Rep\u00fablica, Jair Bolsonaro, desconversou<\/p>\n","protected":false},"excerpt":{"rendered":"<p>A declara\u00e7\u00e3o causou a chamada &#8220;saia justa&#8221;, durante uma entrevista coletiva na qual a Procuradoria-Geral da Fazenda Nacional (PGFN) divulgava novo sistema de cobran\u00e7a de impostos a inscritos da d\u00edvida de Uni\u00e3o, mais afetados pela pandemia Guilherme Afif Domingos, assessor especial do ministro da Economia, Paulo Guedes, n\u00e3o poupou palavras quando perguntado sobre o uso de precat\u00f3rios para financiar um [&hellip;]<\/p>\n","protected":false},"author":27,"featured_media":0,"comment_status":"open","ping_status":"closed","sticky":false,"template":"","format":"standard","meta":{"footnotes":""},"categories":[2719],"tags":[18281,88,18283,18282,35,1034,1636,54,358,707,591],"class_list":["post-17881","post","type-post","status-publish","format-standard","hentry","category-servidor","tag-afif-domingos","tag-economia","tag-esdruxula","tag-guilherme","tag-ministro","tag-precatorios","tag-programas","tag-proposta","tag-renda","tag-sociais","tag-transferencia"],"_links":{"self":[{"href":"https:\/\/blogs.correiobraziliense.com.br\/servidor\/wp-json\/wp\/v2\/posts\/17881","targetHints":{"allow":["GET"]}}],"collection":[{"href":"https:\/\/blogs.correiobraziliense.com.br\/servidor\/wp-json\/wp\/v2\/posts"}],"about":[{"href":"https:\/\/blogs.correiobraziliense.com.br\/servidor\/wp-json\/wp\/v2\/types\/post"}],"author":[{"embeddable":true,"href":"https:\/\/blogs.correiobraziliense.com.br\/servidor\/wp-json\/wp\/v2\/users\/27"}],"replies":[{"embeddable":true,"href":"https:\/\/blogs.correiobraziliense.com.br\/servidor\/wp-json\/wp\/v2\/comments?post=17881"}],"version-history":[{"count":1,"href":"https:\/\/blogs.correiobraziliense.com.br\/servidor\/wp-json\/wp\/v2\/posts\/17881\/revisions"}],"predecessor-version":[{"id":17882,"href":"https:\/\/blogs.correiobraziliense.com.br\/servidor\/wp-json\/wp\/v2\/posts\/17881\/revisions\/17882"}],"wp:attachment":[{"href":"https:\/\/blogs.correiobraziliense.com.br\/servidor\/wp-json\/wp\/v2\/media?parent=17881"}],"wp:term":[{"taxonomy":"category","embeddable":true,"href":"https:\/\/blogs.correiobraziliense.com.br\/servidor\/wp-json\/wp\/v2\/categories?post=17881"},{"taxonomy":"post_tag","embeddable":true,"href":"https:\/\/blogs.correiobraziliense.com.br\/servidor\/wp-json\/wp\/v2\/tags?post=17881"}],"curies":[{"name":"wp","href":"https:\/\/api.w.org\/{rel}","templated":true}]}}