{"id":17878,"date":"2020-10-01T14:37:14","date_gmt":"2020-10-01T17:37:14","guid":{"rendered":"https:\/\/blogs.correiobraziliense.com.br\/servidor\/?p=17878"},"modified":"2020-10-01T14:37:14","modified_gmt":"2020-10-01T17:37:14","slug":"numero-de-usuarios-de-redes-sociais-cresce-quase-40-em-2020-e-supera-projecao","status":"publish","type":"post","link":"https:\/\/blogs.correiobraziliense.com.br\/servidor\/numero-de-usuarios-de-redes-sociais-cresce-quase-40-em-2020-e-supera-projecao\/","title":{"rendered":"N\u00famero de usu\u00e1rios de redes sociais cresce quase 40% em 2020 e supera proje\u00e7\u00e3o"},"content":{"rendered":"<p><em><strong>O estudo, divulgado pelo <a href=\"http:\/\/Cuponation\">Cuponation<\/a>, sistema de descontos online, aponta que entre 2020 e o final de 2025 o aumento de usu\u00e1rios brasileiros em todas as m\u00eddias ser\u00e1 em torno de 11,59%, passando para 157.85 milh\u00f5es de indiv\u00edduos ativos<\/strong><\/em><img loading=\"lazy\" decoding=\"async\" class=\"alignright size-large wp-image-17879\" src=\"https:\/\/blogs.correiobraziliense.com.br\/servidor\/wp-content\/uploads\/sites\/10\/2020\/10\/usu\u00e1rios-redes-sociais-487x1024.jpg\" alt=\"\" width=\"487\" height=\"1024\" srcset=\"https:\/\/blogs.correiobraziliense.com.br\/servidor\/wp-content\/uploads\/sites\/10\/2020\/10\/usu\u00e1rios-redes-sociais-487x1024.jpg 487w, https:\/\/blogs.correiobraziliense.com.br\/servidor\/wp-content\/uploads\/sites\/10\/2020\/10\/usu\u00e1rios-redes-sociais-143x300.jpg 143w, https:\/\/blogs.correiobraziliense.com.br\/servidor\/wp-content\/uploads\/sites\/10\/2020\/10\/usu\u00e1rios-redes-sociais-768x1616.jpg 768w, https:\/\/blogs.correiobraziliense.com.br\/servidor\/wp-content\/uploads\/sites\/10\/2020\/10\/usu\u00e1rios-redes-sociais-550x1157.jpg 550w, https:\/\/blogs.correiobraziliense.com.br\/servidor\/wp-content\/uploads\/sites\/10\/2020\/10\/usu\u00e1rios-redes-sociais-230x484.jpg 230w, https:\/\/blogs.correiobraziliense.com.br\/servidor\/wp-content\/uploads\/sites\/10\/2020\/10\/usu\u00e1rios-redes-sociais.jpg 1400w\" sizes=\"auto, (max-width: 487px) 100vw, 487px\" \/><\/p>\n<p>Uma pesquisa da plataforma Statista, feita no segundo semestre deste ano, revelou que o Brasil aparece em quinto lugar no ranking dos pa\u00edses em que o crescimento de usu\u00e1rios de redes sociais ser\u00e1 ainda mais significativa ap\u00f3s este ano de quarentena.<\/p>\n<p>No in\u00edcio deste ano, o Cuponation, nessa mesma pesquisa, apontou que at\u00e9 2023 essa estimativa seria de 20%. \u00c0 \u00e9poca, os usu\u00e1rios brasileiros eram em m\u00e9dia em 95 milh\u00f5es, e chegariam a 114.5 milh\u00f5es.<\/p>\n<p>No entanto, com a chegada da pandemia, as suposi\u00e7\u00f5es mudaram: com os brasileiros dentro de casa e com menos tarefas do dia a dia para enfrentar a quarentena, a popula\u00e7\u00e3o digital das redes sociais bateram recordes de 141.45 milh\u00f5es de pessoas ativas apenas na metade de 2020 &#8211; o que representa um aumento de quase 40% acima da proje\u00e7\u00e3o.<\/p>\n<p>Dentre as 20 na\u00e7\u00f5es presentes na primeira pesquisa, China ocupa o topo do ranking com 926.84 milh\u00f5es de pessoas conectadas atualmente, e a previs\u00e3o para daqui cinco anos \u00e9 que esse dado seja de 1. 135.13 milh\u00f5es.<\/p>\n<p>\u00cdndia e Indon\u00e9sia s\u00e3o os pa\u00edses que est\u00e3o em segundo e terceiro lugares da lista, com estimativas de 490.3 milh\u00f5es e 256.11 milh\u00f5es para o final do levantamento. Canad\u00e1 ocupa o \u00faltimo lugar, com proje\u00e7\u00e3o de 32.07 milh\u00f5es de pessoas.<\/p>\n","protected":false},"excerpt":{"rendered":"<p>O estudo, divulgado pelo Cuponation, sistema de descontos online, aponta que entre 2020 e o final de 2025 o aumento de usu\u00e1rios brasileiros em todas as m\u00eddias ser\u00e1 em torno de 11,59%, passando para 157.85 milh\u00f5es de indiv\u00edduos ativos Uma pesquisa da plataforma Statista, feita no segundo semestre deste ano, revelou que o Brasil aparece em quinto lugar no ranking [&hellip;]<\/p>\n","protected":false},"author":27,"featured_media":0,"comment_status":"open","ping_status":"closed","sticky":false,"template":"","format":"standard","meta":{"footnotes":""},"categories":[2719],"tags":[865,164,3722,14905,6690,4658,17255,165,1083,864],"class_list":["post-17878","post","type-post","status-publish","format-standard","hentry","category-servidor","tag-ativos","tag-brasil","tag-cresce","tag-cuponation","tag-midias","tag-online","tag-pandemia","tag-ranking","tag-redes-sociais","tag-usuarios"],"_links":{"self":[{"href":"https:\/\/blogs.correiobraziliense.com.br\/servidor\/wp-json\/wp\/v2\/posts\/17878","targetHints":{"allow":["GET"]}}],"collection":[{"href":"https:\/\/blogs.correiobraziliense.com.br\/servidor\/wp-json\/wp\/v2\/posts"}],"about":[{"href":"https:\/\/blogs.correiobraziliense.com.br\/servidor\/wp-json\/wp\/v2\/types\/post"}],"author":[{"embeddable":true,"href":"https:\/\/blogs.correiobraziliense.com.br\/servidor\/wp-json\/wp\/v2\/users\/27"}],"replies":[{"embeddable":true,"href":"https:\/\/blogs.correiobraziliense.com.br\/servidor\/wp-json\/wp\/v2\/comments?post=17878"}],"version-history":[{"count":1,"href":"https:\/\/blogs.correiobraziliense.com.br\/servidor\/wp-json\/wp\/v2\/posts\/17878\/revisions"}],"predecessor-version":[{"id":17880,"href":"https:\/\/blogs.correiobraziliense.com.br\/servidor\/wp-json\/wp\/v2\/posts\/17878\/revisions\/17880"}],"wp:attachment":[{"href":"https:\/\/blogs.correiobraziliense.com.br\/servidor\/wp-json\/wp\/v2\/media?parent=17878"}],"wp:term":[{"taxonomy":"category","embeddable":true,"href":"https:\/\/blogs.correiobraziliense.com.br\/servidor\/wp-json\/wp\/v2\/categories?post=17878"},{"taxonomy":"post_tag","embeddable":true,"href":"https:\/\/blogs.correiobraziliense.com.br\/servidor\/wp-json\/wp\/v2\/tags?post=17878"}],"curies":[{"name":"wp","href":"https:\/\/api.w.org\/{rel}","templated":true}]}}