{"id":17865,"date":"2020-09-30T12:51:02","date_gmt":"2020-09-30T15:51:02","guid":{"rendered":"https:\/\/blogs.correiobraziliense.com.br\/servidor\/?p=17865"},"modified":"2020-09-30T12:51:02","modified_gmt":"2020-09-30T15:51:02","slug":"geap-explica-motivos-de-reajuste-de-4558-em-plano-de-saude-de-servidores","status":"publish","type":"post","link":"https:\/\/blogs.correiobraziliense.com.br\/servidor\/geap-explica-motivos-de-reajuste-de-4558-em-plano-de-saude-de-servidores\/","title":{"rendered":"Geap explica motivos de reajuste de 45,58% em plano de sa\u00fade de servidores"},"content":{"rendered":"<p><em><strong>Em nota de esclarecimento sobre a mat\u00e9ria &#8220;Em meio \u00e0 pandemia, Geap reajusta mensalidades dos planos de sa\u00fade em at\u00e9 45,58%&#8221;, publicada ontem do Blog do Servidor, a operadora do maior plano de sa\u00fade do funcionalismo destaca que, para o aumento, &#8220;levou em considera\u00e7\u00e3o diversos fatores, dentre eles, os de aumento das despesas m\u00e9dico-hospitalares, uso inconsciente do plano, liminares judiciais, entre outras&#8221;<\/strong><\/em><\/p>\n<p>Veja a nota:<\/p>\n<p>&#8220;A Geap Autogest\u00e3o em Sa\u00fade definiu um \u00edndice de reajuste de 5,50% para a contribui\u00e7\u00e3o mensal da maioria dos seus planos. Esse \u00e9 o menor percentual dos \u00faltimos anos. A decis\u00e3o \u00e9 fruto de um detalhado e minucioso estudo atuarial, a partir das proje\u00e7\u00f5es de despesas para o ano de 2021.<\/p>\n<p>Chegar nesse reajuste s\u00f3 foi poss\u00edvel gra\u00e7as ao trabalho realizado pela atual gest\u00e3o, que tomou medidas urgentes que garantiram n\u00e3o s\u00f3 a sa\u00edda do regime de dire\u00e7\u00e3o fiscal, mas, principalmente, a sustentabilidade da Operadora.<\/p>\n<p>Para o reajuste de 45,58% do plano GEAP Sa\u00fade Vida, em espec\u00edfico, que \u00e9 sem coparticipa\u00e7\u00e3o e est\u00e1 com a comercializa\u00e7\u00e3o suspensa, o estudo que estabelece o valor da mensalidade levou em considera\u00e7\u00e3o diversos fatores, dentre eles, os de aumento das despesas m\u00e9dico-hospitalares, uso inconsciente do plano, liminares judiciais, entre outras.<\/p>\n<p>Vale destacar, tamb\u00e9m, que o reajuste de 5,50% s\u00f3 foi poss\u00edvel ap\u00f3s a diretoria adotar uma s\u00e9rie de medidas de racionaliza\u00e7\u00e3o dos custos administrativos e assistenciais, que levaram ao cancelamento de dezenas de contratos dispendiosos e desnecess\u00e1rios, al\u00e9m de renegocia\u00e7\u00f5es com os prestadores.&#8221;<\/p>\n","protected":false},"excerpt":{"rendered":"<p>Em nota de esclarecimento sobre a mat\u00e9ria &#8220;Em meio \u00e0 pandemia, Geap reajusta mensalidades dos planos de sa\u00fade em at\u00e9 45,58%&#8221;, publicada ontem do Blog do Servidor, a operadora do maior plano de sa\u00fade do funcionalismo destaca que, para o aumento, &#8220;levou em considera\u00e7\u00e3o diversos fatores, dentre eles, os de aumento das despesas m\u00e9dico-hospitalares, uso inconsciente do plano, liminares judiciais, [&hellip;]<\/p>\n","protected":false},"author":27,"featured_media":0,"comment_status":"open","ping_status":"closed","sticky":false,"template":"","format":"standard","meta":{"footnotes":""},"categories":[2719],"tags":[2486,75,235,15152,1287,1164,76,2086,2409,6625,1053,2317,7490,63,2325,58,3231],"class_list":["post-17865","post","type-post","status-publish","format-standard","hentry","category-servidor","tag-atuarial","tag-aumento","tag-despesas","tag-direcao-fiscal","tag-estudo","tag-funcionalismo","tag-geap","tag-judiciais","tag-liminares","tag-medico-hospitalares","tag-operadora","tag-plano-de-saude","tag-projecoes","tag-reajuste","tag-regime","tag-servidores","tag-sustentabilidade"],"_links":{"self":[{"href":"https:\/\/blogs.correiobraziliense.com.br\/servidor\/wp-json\/wp\/v2\/posts\/17865","targetHints":{"allow":["GET"]}}],"collection":[{"href":"https:\/\/blogs.correiobraziliense.com.br\/servidor\/wp-json\/wp\/v2\/posts"}],"about":[{"href":"https:\/\/blogs.correiobraziliense.com.br\/servidor\/wp-json\/wp\/v2\/types\/post"}],"author":[{"embeddable":true,"href":"https:\/\/blogs.correiobraziliense.com.br\/servidor\/wp-json\/wp\/v2\/users\/27"}],"replies":[{"embeddable":true,"href":"https:\/\/blogs.correiobraziliense.com.br\/servidor\/wp-json\/wp\/v2\/comments?post=17865"}],"version-history":[{"count":1,"href":"https:\/\/blogs.correiobraziliense.com.br\/servidor\/wp-json\/wp\/v2\/posts\/17865\/revisions"}],"predecessor-version":[{"id":17867,"href":"https:\/\/blogs.correiobraziliense.com.br\/servidor\/wp-json\/wp\/v2\/posts\/17865\/revisions\/17867"}],"wp:attachment":[{"href":"https:\/\/blogs.correiobraziliense.com.br\/servidor\/wp-json\/wp\/v2\/media?parent=17865"}],"wp:term":[{"taxonomy":"category","embeddable":true,"href":"https:\/\/blogs.correiobraziliense.com.br\/servidor\/wp-json\/wp\/v2\/categories?post=17865"},{"taxonomy":"post_tag","embeddable":true,"href":"https:\/\/blogs.correiobraziliense.com.br\/servidor\/wp-json\/wp\/v2\/tags?post=17865"}],"curies":[{"name":"wp","href":"https:\/\/api.w.org\/{rel}","templated":true}]}}