{"id":17863,"date":"2020-09-30T12:23:59","date_gmt":"2020-09-30T15:23:59","guid":{"rendered":"https:\/\/blogs.correiobraziliense.com.br\/servidor\/?p=17863"},"modified":"2020-09-30T12:23:59","modified_gmt":"2020-09-30T15:23:59","slug":"governo-diz-que-reconhece-a-importancia-dos-analistas-de-ti","status":"publish","type":"post","link":"https:\/\/blogs.correiobraziliense.com.br\/servidor\/governo-diz-que-reconhece-a-importancia-dos-analistas-de-ti\/","title":{"rendered":"Governo diz que reconhece a import\u00e2ncia dos analistas de TI"},"content":{"rendered":"<p>Em resposta \u00e0s queixas da carreira de analistas de tecnologia, que reclamaram de falta de valoriza\u00e7\u00e3o e risco <a href=\"https:\/\/blogs.correiobraziliense.com.br\/servidor\/populacao-pode-ficar-sem-servicos-essenciais-por-falta-de-profissionais-de-ti\/\">iminente de n\u00e3o concretiza\u00e7\u00e3o dos projetos de digitaliza\u00e7\u00e3o em curso do governo<\/a>, com graves impactos para a popula\u00e7\u00e3o, por falta de pessoal, o Minist\u00e9rio da Economia, em nota, destaca que &#8220;n\u00e3o h\u00e1 qualquer estudo em curso que vise a extin\u00e7\u00e3o do cargo de analista de TI, nem mesmo perspectiva de que isso ocorra&#8221;<\/p>\n<p>Veja a nota:<\/p>\n<p>&#8220;A transforma\u00e7\u00e3o digital \u00e9 uma pol\u00edtica p\u00fablica priorit\u00e1ria e em plena acelera\u00e7\u00e3o pelo governo federal. Reconhecemos nesse contexto a import\u00e2ncia dos Analistas de Tecnologia da Informa\u00e7\u00e3o (TI) como gestores competentes e dedicados \u00e0 transforma\u00e7\u00e3o e \u00e0 sustenta\u00e7\u00e3o dessa pol\u00edtica essencial, cujo resultado final \u00e9 simplificar e agilizar a vida da popula\u00e7\u00e3o brasileira como um todo.<\/p>\n<p>Hoje, o sal\u00e1rio inicial desse profissional \u00e9 de R$ 10.228,09 e o final \u00e9 de R$ 13.415,74 &#8211; valor composto por vencimento b\u00e1sico e gratifica\u00e7\u00f5es de desempenho e do exerc\u00edcio em atividades de TI e afins. H\u00e1 461 Analistas de TI em atividade e esse time de gestores ser\u00e1 refor\u00e7ado at\u00e9 o final deste ano com a contrata\u00e7\u00e3o de 350 servidores tempor\u00e1rios, cujo processo seletivo est\u00e1 em andamento.<\/p>\n<p>A transforma\u00e7\u00e3o digital mant\u00e9m todas essas equipes dedicadas ao objetivo de criar para a popula\u00e7\u00e3o canais digitais para a totalidade dos 3,8 mil servi\u00e7os do governo federal. Essa \u00e9 a meta at\u00e9 o final de 2022. Neste momento, 60% dos servi\u00e7os est\u00e3o digitalizados, com especial destaque para alguns de impacto massivo, como a Carteira de Trabalho Digital, Carteira Digital de Motorista e o Meu INSS.<\/p>\n<p>N\u00e3o h\u00e1 qualquer estudo em curso que vise a extin\u00e7\u00e3o do cargo de analista de TI, nem mesmo perspectiva de que isso ocorra. Cabe ressaltar que a proposta de Nova Administra\u00e7\u00e3o P\u00fablica, encaminhada pelo Minist\u00e9rio da Economia ao Congresso Nacional n\u00e3o trata de carreiras espec\u00edficas, mas de um modelo mais moderno e \u00e1gil de administra\u00e7\u00e3o p\u00fablica.&#8221;<\/p>\n<p>&nbsp;<\/p>\n","protected":false},"excerpt":{"rendered":"<p>Em resposta \u00e0s queixas da carreira de analistas de tecnologia, que reclamaram de falta de valoriza\u00e7\u00e3o e risco iminente de n\u00e3o concretiza\u00e7\u00e3o dos projetos de digitaliza\u00e7\u00e3o em curso do governo, com graves impactos para a popula\u00e7\u00e3o, por falta de pessoal, o Minist\u00e9rio da Economia, em nota, destaca que &#8220;n\u00e3o h\u00e1 qualquer estudo em curso que vise a extin\u00e7\u00e3o do cargo [&hellip;]<\/p>\n","protected":false},"author":27,"featured_media":0,"comment_status":"open","ping_status":"closed","sticky":false,"template":"","format":"standard","meta":{"footnotes":""},"categories":[2719],"tags":[14716,300,14565,2114,98,14327,4504],"class_list":["post-17863","post","type-post","status-publish","format-standard","hentry","category-servidor","tag-analistas-de-ti","tag-cargo","tag-digitalizacao","tag-extincao","tag-governo","tag-ministerio-da-economia","tag-tecnologia"],"_links":{"self":[{"href":"https:\/\/blogs.correiobraziliense.com.br\/servidor\/wp-json\/wp\/v2\/posts\/17863","targetHints":{"allow":["GET"]}}],"collection":[{"href":"https:\/\/blogs.correiobraziliense.com.br\/servidor\/wp-json\/wp\/v2\/posts"}],"about":[{"href":"https:\/\/blogs.correiobraziliense.com.br\/servidor\/wp-json\/wp\/v2\/types\/post"}],"author":[{"embeddable":true,"href":"https:\/\/blogs.correiobraziliense.com.br\/servidor\/wp-json\/wp\/v2\/users\/27"}],"replies":[{"embeddable":true,"href":"https:\/\/blogs.correiobraziliense.com.br\/servidor\/wp-json\/wp\/v2\/comments?post=17863"}],"version-history":[{"count":1,"href":"https:\/\/blogs.correiobraziliense.com.br\/servidor\/wp-json\/wp\/v2\/posts\/17863\/revisions"}],"predecessor-version":[{"id":17864,"href":"https:\/\/blogs.correiobraziliense.com.br\/servidor\/wp-json\/wp\/v2\/posts\/17863\/revisions\/17864"}],"wp:attachment":[{"href":"https:\/\/blogs.correiobraziliense.com.br\/servidor\/wp-json\/wp\/v2\/media?parent=17863"}],"wp:term":[{"taxonomy":"category","embeddable":true,"href":"https:\/\/blogs.correiobraziliense.com.br\/servidor\/wp-json\/wp\/v2\/categories?post=17863"},{"taxonomy":"post_tag","embeddable":true,"href":"https:\/\/blogs.correiobraziliense.com.br\/servidor\/wp-json\/wp\/v2\/tags?post=17863"}],"curies":[{"name":"wp","href":"https:\/\/api.w.org\/{rel}","templated":true}]}}