{"id":17857,"date":"2020-09-29T12:52:53","date_gmt":"2020-09-29T15:52:53","guid":{"rendered":"https:\/\/blogs.correiobraziliense.com.br\/servidor\/?p=17857"},"modified":"2020-09-29T12:52:53","modified_gmt":"2020-09-29T15:52:53","slug":"cvm-explica-como-valores-cultura-e-comportamento-financeiro-interferem-na-relacao-com-o-dinheiro","status":"publish","type":"post","link":"https:\/\/blogs.correiobraziliense.com.br\/servidor\/cvm-explica-como-valores-cultura-e-comportamento-financeiro-interferem-na-relacao-com-o-dinheiro\/","title":{"rendered":"CVM explica como valores, cultura e comportamento financeiro interferem na rela\u00e7\u00e3o com o dinheiro"},"content":{"rendered":"<p><em><strong>A Comiss\u00e3o de Valores Mobili\u00e1rios (CVM) far\u00e1 uma live sobre o assunto na quinta-feira, dia 1\u00ba de outubro, pelo\u00a0Instagram do canal CVM Educacional<\/strong><\/em><\/p>\n<p>Qual a rela\u00e7\u00e3o entre valores e cultura? A cultura pode ser preditiva de comportamentos financeiros? Sempre em busca do debate sobre como h\u00e1bitos e costumes interferem diretamente na rela\u00e7\u00e3o com o dinheiro, a Comiss\u00e3o de Valores Mobili\u00e1rios (CVM) promover\u00e1 nova live nesta quinta-feira, 1\u00ba de outubro, \u00e0s 17h30, no Instagram do canal CVM Educacional.<\/p>\n<p>O convidado desse encontro ser\u00e1 o professor Henrique Carlos de O. de Castro, PhD em Ci\u00eancias Pol\u00edticas do Departamento de Rela\u00e7\u00f5es Internacionais e Econ\u00f4micas da Universidade Federal do Rio de Grande do Sul (UFRGS). Tamb\u00e9m \u00e9 pesquisador principal do World Values Survey and National Director for Brazil.<\/p>\n<p>Perguntas podem ser enviadas diretamente no nosso canal CVM Educacional, no Instagram.<\/p>\n<p>A<strong>genda<\/strong><br \/>\nLive CVM: Valores, cultura e comportamento financeiro<\/p>\n<p>Data: 1\/10<\/p>\n<p>Hora: 17h30<\/p>\n<p>Acessar: <a href=\"http:\/\/CVM Educacional\">CVM Educacional<\/a> no Instagram <a href=\"http:\/\/(https:\/\/www.instagram.com\/cvmeducacional\/)\">(https:\/\/www.instagram.com\/cvmeducacional\/)<\/a><\/p>\n","protected":false},"excerpt":{"rendered":"<p>A Comiss\u00e3o de Valores Mobili\u00e1rios (CVM) far\u00e1 uma live sobre o assunto na quinta-feira, dia 1\u00ba de outubro, pelo\u00a0Instagram do canal CVM Educacional Qual a rela\u00e7\u00e3o entre valores e cultura? A cultura pode ser preditiva de comportamentos financeiros? Sempre em busca do debate sobre como h\u00e1bitos e costumes interferem diretamente na rela\u00e7\u00e3o com o dinheiro, a Comiss\u00e3o de Valores Mobili\u00e1rios [&hellip;]<\/p>\n","protected":false},"author":27,"featured_media":0,"comment_status":"open","ping_status":"closed","sticky":false,"template":"","format":"standard","meta":{"footnotes":""},"categories":[2719],"tags":[4589,1928,215,374,1807,4431,17341,1808],"class_list":["post-17857","post","type-post","status-publish","format-standard","hentry","category-servidor","tag-comportamento","tag-cultura","tag-cvm","tag-dinheiro","tag-financeira","tag-instagram","tag-live","tag-valores"],"_links":{"self":[{"href":"https:\/\/blogs.correiobraziliense.com.br\/servidor\/wp-json\/wp\/v2\/posts\/17857","targetHints":{"allow":["GET"]}}],"collection":[{"href":"https:\/\/blogs.correiobraziliense.com.br\/servidor\/wp-json\/wp\/v2\/posts"}],"about":[{"href":"https:\/\/blogs.correiobraziliense.com.br\/servidor\/wp-json\/wp\/v2\/types\/post"}],"author":[{"embeddable":true,"href":"https:\/\/blogs.correiobraziliense.com.br\/servidor\/wp-json\/wp\/v2\/users\/27"}],"replies":[{"embeddable":true,"href":"https:\/\/blogs.correiobraziliense.com.br\/servidor\/wp-json\/wp\/v2\/comments?post=17857"}],"version-history":[{"count":1,"href":"https:\/\/blogs.correiobraziliense.com.br\/servidor\/wp-json\/wp\/v2\/posts\/17857\/revisions"}],"predecessor-version":[{"id":17858,"href":"https:\/\/blogs.correiobraziliense.com.br\/servidor\/wp-json\/wp\/v2\/posts\/17857\/revisions\/17858"}],"wp:attachment":[{"href":"https:\/\/blogs.correiobraziliense.com.br\/servidor\/wp-json\/wp\/v2\/media?parent=17857"}],"wp:term":[{"taxonomy":"category","embeddable":true,"href":"https:\/\/blogs.correiobraziliense.com.br\/servidor\/wp-json\/wp\/v2\/categories?post=17857"},{"taxonomy":"post_tag","embeddable":true,"href":"https:\/\/blogs.correiobraziliense.com.br\/servidor\/wp-json\/wp\/v2\/tags?post=17857"}],"curies":[{"name":"wp","href":"https:\/\/api.w.org\/{rel}","templated":true}]}}