{"id":17855,"date":"2020-09-28T19:27:00","date_gmt":"2020-09-28T22:27:00","guid":{"rendered":"https:\/\/blogs.correiobraziliense.com.br\/servidor\/?p=17855"},"modified":"2020-09-28T19:27:00","modified_gmt":"2020-09-28T22:27:00","slug":"agencias-do-inss-em-sao-paulo-serao-abertas-amanha","status":"publish","type":"post","link":"https:\/\/blogs.correiobraziliense.com.br\/servidor\/agencias-do-inss-em-sao-paulo-serao-abertas-amanha\/","title":{"rendered":"Ag\u00eancias do INSS em S\u00e3o Paulo ser\u00e3o abertas amanh\u00e3"},"content":{"rendered":"<p><em><strong>Em resposta \u00e0s reclama\u00e7\u00f5es da <a href=\"https:\/\/blogs.correiobraziliense.com.br\/servidor\/queda-de-braco-entre-governo-e-peritos-medicos-tem-mais-uma-etapa\/\">ANMP, de que quatro ag\u00eancias do INSS de S\u00e3o Paulo<\/a> n\u00e3o foram abertas hoje por falta de agenda, a Secretaria da Previd\u00eancia informa que elas estar\u00e3o \u00e0 disposi\u00e7\u00e3o dos benefici\u00e1rios amanh\u00e3 (29), porque somente ap\u00f3s o agendamento dos segurados os m\u00e9dicos s\u00e3o comunicados dos hor\u00e1rios<\/strong><\/em><\/p>\n<p>Veja a nota:<\/p>\n<p>&#8220;A Secretaria de Previd\u00eancia informa que as inspe\u00e7\u00f5es que declararam aptas as Ag\u00eancias da Previd\u00eancia Social Santo Amaro, Tatuap\u00e9 e Glic\u00e9rio foram realizadas no fim da semana passada e as agendas para marcar atendimentos foram abertas hoje, portanto, para permitir o atendimento amanh\u00e3 (29), seguindo o tr\u00e2mite normal estabelecido.<\/p>\n<p>Os peritos m\u00e9dicos tamb\u00e9m foram comunicados pela Subsecretaria da Per\u00edcia M\u00e9dica Federal nesta segunda de que amanh\u00e3 teriam atendimentos presenciais. O Edital de Convoca\u00e7\u00e3o dever\u00e1 ser publicado na edi\u00e7\u00e3o de amanh\u00e3 do Di\u00e1rio Oficial da Uni\u00e3o.<\/p>\n<p>J\u00e1 a APS Osasco foi inspecionada hoje (28) e ter\u00e1 a agenda aberta para marca\u00e7\u00f5es a partir de amanh\u00e3. O atendimento aos segurados come\u00e7a na quarta-feira.<\/p>\n<p>A Secretaria refor\u00e7a que as vistorias necess\u00e1rias e oficiais para declarar aptas as ag\u00eancias a retomarem o atendimento presencial das per\u00edcias m\u00e9dicas seguiram o protocolo estabelecido em conjunto com o Minist\u00e9rio da Sa\u00fade e foram realizadas por engenheiros e servidores da carreira do INSS, que t\u00eam f\u00e9 p\u00fablica e compet\u00eancia para fazer as vistorias, n\u00e3o existindo, neste caso, compet\u00eancia legal para que sejam feitas por associa\u00e7\u00f5es.&#8221;<\/p>\n","protected":false},"excerpt":{"rendered":"<p>Em resposta \u00e0s reclama\u00e7\u00f5es da ANMP, de que quatro ag\u00eancias do INSS de S\u00e3o Paulo n\u00e3o foram abertas hoje por falta de agenda, a Secretaria da Previd\u00eancia informa que elas estar\u00e3o \u00e0 disposi\u00e7\u00e3o dos benefici\u00e1rios amanh\u00e3 (29), porque somente ap\u00f3s o agendamento dos segurados os m\u00e9dicos s\u00e3o comunicados dos hor\u00e1rios Veja a nota: &#8220;A Secretaria de Previd\u00eancia informa que as [&hellip;]<\/p>\n","protected":false},"author":27,"featured_media":0,"comment_status":"open","ping_status":"closed","sticky":false,"template":"","format":"standard","meta":{"footnotes":""},"categories":[2719],"tags":[2782,980,11,609,12273,522],"class_list":["post-17855","post","type-post","status-publish","format-standard","hentry","category-servidor","tag-anmp","tag-beneficiarios","tag-inss","tag-pericias","tag-secretaria-da-previdencia","tag-segurados"],"_links":{"self":[{"href":"https:\/\/blogs.correiobraziliense.com.br\/servidor\/wp-json\/wp\/v2\/posts\/17855","targetHints":{"allow":["GET"]}}],"collection":[{"href":"https:\/\/blogs.correiobraziliense.com.br\/servidor\/wp-json\/wp\/v2\/posts"}],"about":[{"href":"https:\/\/blogs.correiobraziliense.com.br\/servidor\/wp-json\/wp\/v2\/types\/post"}],"author":[{"embeddable":true,"href":"https:\/\/blogs.correiobraziliense.com.br\/servidor\/wp-json\/wp\/v2\/users\/27"}],"replies":[{"embeddable":true,"href":"https:\/\/blogs.correiobraziliense.com.br\/servidor\/wp-json\/wp\/v2\/comments?post=17855"}],"version-history":[{"count":1,"href":"https:\/\/blogs.correiobraziliense.com.br\/servidor\/wp-json\/wp\/v2\/posts\/17855\/revisions"}],"predecessor-version":[{"id":17856,"href":"https:\/\/blogs.correiobraziliense.com.br\/servidor\/wp-json\/wp\/v2\/posts\/17855\/revisions\/17856"}],"wp:attachment":[{"href":"https:\/\/blogs.correiobraziliense.com.br\/servidor\/wp-json\/wp\/v2\/media?parent=17855"}],"wp:term":[{"taxonomy":"category","embeddable":true,"href":"https:\/\/blogs.correiobraziliense.com.br\/servidor\/wp-json\/wp\/v2\/categories?post=17855"},{"taxonomy":"post_tag","embeddable":true,"href":"https:\/\/blogs.correiobraziliense.com.br\/servidor\/wp-json\/wp\/v2\/tags?post=17855"}],"curies":[{"name":"wp","href":"https:\/\/api.w.org\/{rel}","templated":true}]}}