{"id":17851,"date":"2020-09-28T17:58:45","date_gmt":"2020-09-28T20:58:45","guid":{"rendered":"https:\/\/blogs.correiobraziliense.com.br\/servidor\/?p=17851"},"modified":"2020-09-28T18:00:56","modified_gmt":"2020-09-28T21:00:56","slug":"queda-de-braco-entre-governo-e-peritos-medicos-tem-mais-uma-etapa","status":"publish","type":"post","link":"https:\/\/blogs.correiobraziliense.com.br\/servidor\/queda-de-braco-entre-governo-e-peritos-medicos-tem-mais-uma-etapa\/","title":{"rendered":"Queda de bra\u00e7o entre governo e peritos m\u00e9dicos tem mais uma etapa"},"content":{"rendered":"<p><em><strong>A Associa\u00e7\u00e3o Nacional dos Peritos M\u00e9dicos Federais (ANMP) denuncia que, em S\u00e3o Paulo, os profissionais compareceram ao trabalho, mas n\u00e3o atuaram nas ag\u00eancias do INSS porque n\u00e3o havia agenda marcada\u00a0<\/strong><\/em><\/p>\n<p>&#8220;Com isso, 40 peritos deixaram de atender 480 pericias m\u00e9dicas presenciais na\u00a0data de hoje somente nessas 4 ag\u00eancias. Esse quantitativo representa quase\u00a010% da m\u00e9dia de per\u00edcias agendadas nos \u00faltimos dias&#8221;, critica a ANMP.\u00a0A responsabilidade pelo &#8220;apag\u00e3o&#8221;, destaca a associa\u00e7\u00e3o, \u00e9 da subsecret\u00e1ria Filomena Gomes<\/p>\n<p>Veja a nota:<\/p>\n<p>&#8220;NO PRIMEIRO DIA DE \u201cGEST\u00c3O\u201d, SUBSECRET\u00c1RIA\u00a0FILOMENA GOMES CAUSA APAG\u00c3O DA PER\u00cdCIA\u00a0M\u00c9DICA EM S\u00c3O PAULO.<\/p>\n<p>Na data de hoje compareceram ao trabalho presencial em S\u00e3o Paulo:<br \/>\n17 peritos na ag\u00eancia do Glic\u00e9rio<br \/>\n10 peritos na ag\u00eancia de Santo Amaro<br \/>\n7 peritos na ag\u00eancia do Tatuap\u00e9<br \/>\n6 peritos na ag\u00eancia de Osasco<\/p>\n<p>Esse quantitativo representa 100% dos peritos escalados para o atendimento\u00a0presencial nessas ag\u00eancias durante a pandemia.<\/p>\n<p>Mas eles n\u00e3o puderam atender nenhum segurado, pois apensar das ag\u00eancias\u00a0constarem como aptas tanto pelo INSS como pela ANMP, a Subsecret\u00e1ria da\u00a0Per\u00edcia M\u00e9dica Federal, Filomena Gomes, e o Secret\u00e1rio de Previd\u00eancia, Narlon\u00a0Gutierre, n\u00e3o determinaram a abertura das agendas nessas ag\u00eancias, e at\u00e9 agora\u00a0o problema persiste para amanh\u00e3.<\/p>\n<p>Com isso, 40 peritos deixaram de atender 480 pericias m\u00e9dicas presenciais na\u00a0data de hoje somente nessas 4 ag\u00eancias. Esse quantitativo representa quase\u00a010% da m\u00e9dia de per\u00edcias agendadas nos \u00faltimos dias.<\/p>\n<p>A Per\u00edcia Medica Federal est\u00e1 nas ag\u00eancias, mas nada pode fazer se n\u00e3o agendam\u00a0segurados. Esse \u00e9 o reflexo de se colocar pessoas sem o devido preparo para o\u00a0cargo.<\/p>\n<p>N\u00e3o existe fila na Per\u00edcia M\u00e9dica. O problema \u00e9 na gest\u00e3o.<\/p>\n<p>Diretoria da ANMP&#8221;<\/p>\n","protected":false},"excerpt":{"rendered":"<p>A Associa\u00e7\u00e3o Nacional dos Peritos M\u00e9dicos Federais (ANMP) denuncia que, em S\u00e3o Paulo, os profissionais compareceram ao trabalho, mas n\u00e3o atuaram nas ag\u00eancias do INSS porque n\u00e3o havia agenda marcada\u00a0 &#8220;Com isso, 40 peritos deixaram de atender 480 pericias m\u00e9dicas presenciais na\u00a0data de hoje somente nessas 4 ag\u00eancias. Esse quantitativo representa quase\u00a010% da m\u00e9dia de per\u00edcias agendadas nos \u00faltimos dias&#8221;, [&hellip;]<\/p>\n","protected":false},"author":27,"featured_media":0,"comment_status":"open","ping_status":"closed","sticky":false,"template":"","format":"standard","meta":{"footnotes":""},"categories":[2719],"tags":[2782,2164,1502,98,11,174,609,504,1415,1788],"class_list":["post-17851","post","type-post","status-publish","format-standard","hentry","category-servidor","tag-anmp","tag-apagao","tag-briga","tag-governo","tag-inss","tag-medicos","tag-pericias","tag-peritos","tag-politica","tag-presencial"],"_links":{"self":[{"href":"https:\/\/blogs.correiobraziliense.com.br\/servidor\/wp-json\/wp\/v2\/posts\/17851","targetHints":{"allow":["GET"]}}],"collection":[{"href":"https:\/\/blogs.correiobraziliense.com.br\/servidor\/wp-json\/wp\/v2\/posts"}],"about":[{"href":"https:\/\/blogs.correiobraziliense.com.br\/servidor\/wp-json\/wp\/v2\/types\/post"}],"author":[{"embeddable":true,"href":"https:\/\/blogs.correiobraziliense.com.br\/servidor\/wp-json\/wp\/v2\/users\/27"}],"replies":[{"embeddable":true,"href":"https:\/\/blogs.correiobraziliense.com.br\/servidor\/wp-json\/wp\/v2\/comments?post=17851"}],"version-history":[{"count":3,"href":"https:\/\/blogs.correiobraziliense.com.br\/servidor\/wp-json\/wp\/v2\/posts\/17851\/revisions"}],"predecessor-version":[{"id":17854,"href":"https:\/\/blogs.correiobraziliense.com.br\/servidor\/wp-json\/wp\/v2\/posts\/17851\/revisions\/17854"}],"wp:attachment":[{"href":"https:\/\/blogs.correiobraziliense.com.br\/servidor\/wp-json\/wp\/v2\/media?parent=17851"}],"wp:term":[{"taxonomy":"category","embeddable":true,"href":"https:\/\/blogs.correiobraziliense.com.br\/servidor\/wp-json\/wp\/v2\/categories?post=17851"},{"taxonomy":"post_tag","embeddable":true,"href":"https:\/\/blogs.correiobraziliense.com.br\/servidor\/wp-json\/wp\/v2\/tags?post=17851"}],"curies":[{"name":"wp","href":"https:\/\/api.w.org\/{rel}","templated":true}]}}