{"id":1785,"date":"2016-06-03T12:51:12","date_gmt":"2016-06-03T15:51:12","guid":{"rendered":"https:\/\/blogs.correiobraziliense.com.br\/servidor\/?p=1785"},"modified":"2016-06-03T12:51:12","modified_gmt":"2016-06-03T15:51:12","slug":"ministerio-do-planejamento-esclarece","status":"publish","type":"post","link":"https:\/\/blogs.correiobraziliense.com.br\/servidor\/ministerio-do-planejamento-esclarece\/","title":{"rendered":"MINIST\u00c9RIO DO PLANEJAMENTO ESCLARECE"},"content":{"rendered":"<p><strong>NOTA \u00c0 IMPRENSA<\/strong><\/p>\n<p>&nbsp;<\/p>\n<p>Ao contr\u00e1rio de not\u00edcias veiculadas pela imprensa nesta sexta-feira (3), o Minist\u00e9rio do Planejamento, Desenvolvimento e Gest\u00e3o esclarece que:<\/p>\n<p>&nbsp;<\/p>\n<p>1 \u2013 N\u00e3o houve cria\u00e7\u00e3o de novos cargos na administra\u00e7\u00e3o federal, que gerasse aumento de despesas. O que houve foi a compensa\u00e7\u00e3o com a extin\u00e7\u00e3o de outros cargos equivalentes.<\/p>\n<p>&nbsp;<\/p>\n<p>2 \u2013 O Projeto de Lei 4.253 2015, em seu artigo 149 \u00e9 clar\u00edssimo: \u201cA cria\u00e7\u00e3o de cargos a que se referem os artigos 3\u00ba, art. 42, 43 e 47 ocorrer\u00e1 sem aumento de despesa, pela compensa\u00e7\u00e3o entre os valores correspondentes \u00e0 totalidade da remunera\u00e7\u00e3o dos cargos vagos extintos e os valores correspondentes \u00e0 totalidade da remunera\u00e7\u00e3o dos cargos e das fun\u00e7\u00f5es criadas\u201d.<\/p>\n<p>&nbsp;<\/p>\n<p>3 \u2013 Todos os cargos remanejados ser\u00e3o mantidos vagos uma vez que a legisla\u00e7\u00e3o or\u00e7ament\u00e1ria impede a realiza\u00e7\u00e3o de concursos este ano e que esta medida deve ser mantida em 2017. Esclarecendo-se mais uma vez que n\u00e3o haver\u00e1 aumento de despesa.<\/p>\n<p>&nbsp;<\/p>\n<p>4 \u2013 Por sua vez, a recomposi\u00e7\u00e3o parcial das perdas provocadas pela infla\u00e7\u00e3o a categorias do funcionalismo do governo federal foi dilu\u00edda em at\u00e9 quatro anos nas medidas aprovadas pela C\u00e2mara dos Deputados. Entrar\u00e3o em vigor a partir de agosto deste ano com impacto or\u00e7ament\u00e1rio de R$ 7 bilh\u00f5es. Esse valor j\u00e1 estava previsto no Or\u00e7amento Geral da Uni\u00e3o de 2016, al\u00e9m de contabilizado no d\u00e9ficit previsto de R$ 96 bilh\u00f5es pelo governo anterior.<\/p>\n<p>&nbsp;<\/p>\n<p>5 \u2013 Os servidores do Judici\u00e1rio estavam sem reajuste nos vencimentos b\u00e1sicos, h\u00e1 nove anos. O governo vetou recentemente aumento aprovado pelo Congresso de at\u00e9 70%. Portanto, muito maior que o acordado entre os servidores e o governo: de 16% a 40%, que ser\u00e3o aplicados nos pr\u00f3ximos cinco anos. Mesmo estes aumentos tamb\u00e9m s\u00e3o inferiores \u00e0 infla\u00e7\u00e3o do per\u00edodo.<\/p>\n","protected":false},"excerpt":{"rendered":"<p>NOTA \u00c0 IMPRENSA &nbsp; Ao contr\u00e1rio de not\u00edcias veiculadas pela imprensa nesta sexta-feira (3), o Minist\u00e9rio do Planejamento, Desenvolvimento e Gest\u00e3o esclarece que: &nbsp; 1 \u2013 N\u00e3o houve cria\u00e7\u00e3o de novos cargos na administra\u00e7\u00e3o federal, que gerasse aumento de despesas. O que houve foi a compensa\u00e7\u00e3o com a extin\u00e7\u00e3o de outros cargos equivalentes. &nbsp; 2 \u2013 O Projeto de Lei [&hellip;]<\/p>\n","protected":false},"author":27,"featured_media":0,"comment_status":"open","ping_status":"closed","sticky":false,"template":"","format":"standard","meta":{"footnotes":""},"categories":[1],"tags":[1191,75,791,2113,2112,235,2115,2114,124,141,435],"class_list":["post-1785","post","type-post","status-publish","format-standard","hentry","category-sem-categoria","tag-administracao","tag-aumento","tag-cargos","tag-compensacao","tag-criacao","tag-despesas","tag-equivalentes","tag-extincao","tag-federal","tag-ministerio-do-planejamento","tag-novos"],"_links":{"self":[{"href":"https:\/\/blogs.correiobraziliense.com.br\/servidor\/wp-json\/wp\/v2\/posts\/1785","targetHints":{"allow":["GET"]}}],"collection":[{"href":"https:\/\/blogs.correiobraziliense.com.br\/servidor\/wp-json\/wp\/v2\/posts"}],"about":[{"href":"https:\/\/blogs.correiobraziliense.com.br\/servidor\/wp-json\/wp\/v2\/types\/post"}],"author":[{"embeddable":true,"href":"https:\/\/blogs.correiobraziliense.com.br\/servidor\/wp-json\/wp\/v2\/users\/27"}],"replies":[{"embeddable":true,"href":"https:\/\/blogs.correiobraziliense.com.br\/servidor\/wp-json\/wp\/v2\/comments?post=1785"}],"version-history":[{"count":1,"href":"https:\/\/blogs.correiobraziliense.com.br\/servidor\/wp-json\/wp\/v2\/posts\/1785\/revisions"}],"predecessor-version":[{"id":1786,"href":"https:\/\/blogs.correiobraziliense.com.br\/servidor\/wp-json\/wp\/v2\/posts\/1785\/revisions\/1786"}],"wp:attachment":[{"href":"https:\/\/blogs.correiobraziliense.com.br\/servidor\/wp-json\/wp\/v2\/media?parent=1785"}],"wp:term":[{"taxonomy":"category","embeddable":true,"href":"https:\/\/blogs.correiobraziliense.com.br\/servidor\/wp-json\/wp\/v2\/categories?post=1785"},{"taxonomy":"post_tag","embeddable":true,"href":"https:\/\/blogs.correiobraziliense.com.br\/servidor\/wp-json\/wp\/v2\/tags?post=1785"}],"curies":[{"name":"wp","href":"https:\/\/api.w.org\/{rel}","templated":true}]}}