{"id":17840,"date":"2020-09-28T15:01:28","date_gmt":"2020-09-28T18:01:28","guid":{"rendered":"https:\/\/blogs.correiobraziliense.com.br\/servidor\/?p=17840"},"modified":"2020-09-28T15:26:55","modified_gmt":"2020-09-28T18:26:55","slug":"em-meio-a-pandemia-geap-reajusta-mensalidades-dos-planos-de-saude-em-ate-4558","status":"publish","type":"post","link":"https:\/\/blogs.correiobraziliense.com.br\/servidor\/em-meio-a-pandemia-geap-reajusta-mensalidades-dos-planos-de-saude-em-ate-4558\/","title":{"rendered":"Em meio \u00e0 pandemia, Geap reajusta mensalidades dos planos de sa\u00fade em at\u00e9 45,58%"},"content":{"rendered":"<p><em><strong>Os aumentos nos planos de sa\u00fade da Geap Autogest\u00e3o, maior operadora do funcionalismo, v\u00e3o de 5,50% a 45,58%. Os valores, em 2021, ficar\u00e3o entre R$ 908,31 a R$ 2.904,88 para quem tem 59 anos ou mais<\/strong><\/em><\/p>\n<p><img loading=\"lazy\" decoding=\"async\" class=\"size-full wp-image-17841 aligncenter\" src=\"https:\/\/blogs.correiobraziliense.com.br\/servidor\/wp-content\/uploads\/sites\/10\/2020\/09\/WhatsApp-Image-2020-09-26-at-11.04.29.jpeg\" alt=\"\" width=\"657\" height=\"616\" srcset=\"https:\/\/blogs.correiobraziliense.com.br\/servidor\/wp-content\/uploads\/sites\/10\/2020\/09\/WhatsApp-Image-2020-09-26-at-11.04.29.jpeg 657w, https:\/\/blogs.correiobraziliense.com.br\/servidor\/wp-content\/uploads\/sites\/10\/2020\/09\/WhatsApp-Image-2020-09-26-at-11.04.29-300x281.jpeg 300w, https:\/\/blogs.correiobraziliense.com.br\/servidor\/wp-content\/uploads\/sites\/10\/2020\/09\/WhatsApp-Image-2020-09-26-at-11.04.29-550x516.jpeg 550w, https:\/\/blogs.correiobraziliense.com.br\/servidor\/wp-content\/uploads\/sites\/10\/2020\/09\/WhatsApp-Image-2020-09-26-at-11.04.29-230x216.jpeg 230w\" sizes=\"auto, (max-width: 657px) 100vw, 657px\" \/><\/p>\n<p>Quem tem filho jovem ou adolescente, de 18 a 23 anos, al\u00e9m dessa cota mensal obrigat\u00f3ria, vai desembolsar mais, dependendo do tipo de plano, entre R$ 206,96 a R$ 348,41. Se tiver mais um dependente entre 0 a 18 anos, o servidor ter\u00e1 que arcar com mais R$ 179,71 a R$ 302,47.<\/p>\n<p>No aviso enviado aos benefici\u00e1rios, a Geap avisa que os valores das contribui\u00e7\u00f5es ser\u00e3o aplicados a partir de janeiro de 2021, para &#8220;pensionistas, titulares, dependentes e grupos familiares, a crit\u00e9rio da Diretoria Executiva&#8221;. A contrapartida do patrocinador ser\u00e1 deduzida &#8211; entre R$ 101,56 e R$ 205,63.<\/p>\n<p>Entre outros motivos para o salgado aumento, a Geap explica que os c\u00e1lculos foram feitos &#8220;com base em estudos atuariais, visando assegurar o equil\u00edbrio econ\u00f4mico-financeiro, a solv\u00eancia e a liquidez das opera\u00e7\u00f5es e da pr\u00f3pria funda\u00e7\u00e3o&#8221; e lembra que, por decis\u00e3o da Ag\u00eancia Nacional de Sa\u00fade (ANS), houve suspens\u00e3o dos reajustes de setembro a dezembro de 2020.<\/p>\n<p>Esse percentuais n\u00e3o cobrados esse ano. ser\u00e3o incorporados nesse agora estabelecido para 2021. O comunicado \u00e9 assinado pelo presidente do Conselho da Administra\u00e7\u00e3o (Conad), Thiago Meirelles Fernandes Pereira.<\/p>\n","protected":false},"excerpt":{"rendered":"<p>Os aumentos nos planos de sa\u00fade da Geap Autogest\u00e3o, maior operadora do funcionalismo, v\u00e3o de 5,50% a 45,58%. Os valores, em 2021, ficar\u00e3o entre R$ 908,31 a R$ 2.904,88 para quem tem 59 anos ou mais Quem tem filho jovem ou adolescente, de 18 a 23 anos, al\u00e9m dessa cota mensal obrigat\u00f3ria, vai desembolsar mais, dependendo do tipo de plano, [&hellip;]<\/p>\n","protected":false},"author":27,"featured_media":0,"comment_status":"open","ping_status":"closed","sticky":false,"template":"","format":"standard","meta":{"footnotes":""},"categories":[2719],"tags":[2319,4875,1164,76,1053,346,2317,63,58,4242,1808],"class_list":["post-17840","post","type-post","status-publish","format-standard","hentry","category-servidor","tag-dependentes","tag-familiares","tag-funcionalismo","tag-geap","tag-operadora","tag-pensionistas","tag-plano-de-saude","tag-reajuste","tag-servidores","tag-titulares","tag-valores"],"_links":{"self":[{"href":"https:\/\/blogs.correiobraziliense.com.br\/servidor\/wp-json\/wp\/v2\/posts\/17840","targetHints":{"allow":["GET"]}}],"collection":[{"href":"https:\/\/blogs.correiobraziliense.com.br\/servidor\/wp-json\/wp\/v2\/posts"}],"about":[{"href":"https:\/\/blogs.correiobraziliense.com.br\/servidor\/wp-json\/wp\/v2\/types\/post"}],"author":[{"embeddable":true,"href":"https:\/\/blogs.correiobraziliense.com.br\/servidor\/wp-json\/wp\/v2\/users\/27"}],"replies":[{"embeddable":true,"href":"https:\/\/blogs.correiobraziliense.com.br\/servidor\/wp-json\/wp\/v2\/comments?post=17840"}],"version-history":[{"count":3,"href":"https:\/\/blogs.correiobraziliense.com.br\/servidor\/wp-json\/wp\/v2\/posts\/17840\/revisions"}],"predecessor-version":[{"id":17844,"href":"https:\/\/blogs.correiobraziliense.com.br\/servidor\/wp-json\/wp\/v2\/posts\/17840\/revisions\/17844"}],"wp:attachment":[{"href":"https:\/\/blogs.correiobraziliense.com.br\/servidor\/wp-json\/wp\/v2\/media?parent=17840"}],"wp:term":[{"taxonomy":"category","embeddable":true,"href":"https:\/\/blogs.correiobraziliense.com.br\/servidor\/wp-json\/wp\/v2\/categories?post=17840"},{"taxonomy":"post_tag","embeddable":true,"href":"https:\/\/blogs.correiobraziliense.com.br\/servidor\/wp-json\/wp\/v2\/tags?post=17840"}],"curies":[{"name":"wp","href":"https:\/\/api.w.org\/{rel}","templated":true}]}}