{"id":17837,"date":"2020-09-28T13:36:35","date_gmt":"2020-09-28T16:36:35","guid":{"rendered":"https:\/\/blogs.correiobraziliense.com.br\/servidor\/?p=17837"},"modified":"2020-09-28T14:25:38","modified_gmt":"2020-09-28T17:25:38","slug":"nova-proposta-de-renda-minima-esta-sendo-estudada-pelo-governo","status":"publish","type":"post","link":"https:\/\/blogs.correiobraziliense.com.br\/servidor\/nova-proposta-de-renda-minima-esta-sendo-estudada-pelo-governo\/","title":{"rendered":"Nova proposta de renda m\u00ednima est\u00e1 sendo estudada pelo governo"},"content":{"rendered":"<p><em><strong>O Executivo tamb\u00e9m n\u00e3o descarta taxar as grandes heran\u00e7as<\/strong><\/em><\/p>\n<p>O secret\u00e1rio especial de Fazenda, Waldery Rodrigues, em audi\u00eancia no Congresso, afirmou que o teto dos gastos &#8211; evitando que haja perdas na arrecada\u00e7\u00e3o e sem deixar de lado a ajuda financeira aos mais vulner\u00e1veis &#8211; continua sendo a prioridade do governo. Mas uma nova proposta para renda m\u00ednima est\u00e1 sendo discutida e ser\u00e1 apresentada \u201cno tempo devido pelo ministro da Economia, Paulo Guedes, com indica\u00e7\u00e3o das fontes de financiamento\u201d. Ele falou, tamb\u00e9m, est\u00e1 em estudo a possibilidade, em rela\u00e7\u00e3o \u00e0 reforma tribut\u00e1ria, de taxar grandes heran\u00e7as. \u201c\u00c9 um assunto que est\u00e1 sendo analisado. Os planos do governo para a sa\u00edda da crise est\u00e3o sendo detalhados\u201d, refor\u00e7ou.<\/p>\n<p>O impacto da pandemia na atividade econ\u00f4mica registrou o momento mais dram\u00e1tico, o fundo do po\u00e7o, de acordo com Waldery, entre agosto e maio. A partir de agora, com o Estado com pouca capacidade de liberar recursos, caber\u00e1 \u00e0 iniciativa privada ser \u201cprotagonista\u201d do desenvolvimento elevar o n\u00edvel de investimento, hoje em cerca de 15% do Produto Interno Bruto (PIB, soma das riquezas do pa\u00eds) para algo em torno de 17%. Enquanto a capacidade do Estado n\u00e3o dever\u00e1 ultrapassar os 0,4% ou 0,5%%, porque as despesas, nesse ano at\u00edpico, chegaram a 27% do PIB, quando deveriam estar em 19%, pelo menos.<\/p>\n<p>\u201cO Brasil est\u00e1 zelando por cada R$ 1 gasto, porque significa endividamento. No enfrentamento \u00e0 pandemia, estamos na frente tanto de pa\u00edses desenvolvidos, quanto dos emergentes\u201d, destacou. Mas para 2021, o resultado prim\u00e1rio, o teto dos gastos e a regra de ouro dever\u00e3o ser cumpridos rigorosamente para que tenham como resultados a gera\u00e7\u00e3o de \u00a0emprego e renda, manuten\u00e7\u00e3o dos juros baixos e a miss\u00e3o de fazer com que o pa\u00eds se torne mais atrativo par os investidores. Waldery Rodrigues falou ainda que \u00e9 importante dar especial aten\u00e7\u00e3o \u00e0 educa\u00e7\u00e3o b\u00e1sica, para que o pa\u00eds eleve seus n\u00edveis de produtividade e inova\u00e7\u00e3o.<\/p>\n","protected":false},"excerpt":{"rendered":"<p>O Executivo tamb\u00e9m n\u00e3o descarta taxar as grandes heran\u00e7as O secret\u00e1rio especial de Fazenda, Waldery Rodrigues, em audi\u00eancia no Congresso, afirmou que o teto dos gastos &#8211; evitando que haja perdas na arrecada\u00e7\u00e3o e sem deixar de lado a ajuda financeira aos mais vulner\u00e1veis &#8211; continua sendo a prioridade do governo. Mas uma nova proposta para renda m\u00ednima est\u00e1 sendo [&hellip;]<\/p>\n","protected":false},"author":27,"featured_media":0,"comment_status":"open","ping_status":"closed","sticky":false,"template":"","format":"standard","meta":{"footnotes":""},"categories":[2719],"tags":[366,3362,6818,98,18273,17255,1804,54,12193,17265,18274],"class_list":["post-17837","post","type-post","status-publish","format-standard","hentry","category-servidor","tag-crise","tag-financiamento","tag-fontes","tag-governo","tag-herancas","tag-pandemia","tag-pib","tag-proposta","tag-reforma-tributaria","tag-renda-minima","tag-taxar"],"_links":{"self":[{"href":"https:\/\/blogs.correiobraziliense.com.br\/servidor\/wp-json\/wp\/v2\/posts\/17837","targetHints":{"allow":["GET"]}}],"collection":[{"href":"https:\/\/blogs.correiobraziliense.com.br\/servidor\/wp-json\/wp\/v2\/posts"}],"about":[{"href":"https:\/\/blogs.correiobraziliense.com.br\/servidor\/wp-json\/wp\/v2\/types\/post"}],"author":[{"embeddable":true,"href":"https:\/\/blogs.correiobraziliense.com.br\/servidor\/wp-json\/wp\/v2\/users\/27"}],"replies":[{"embeddable":true,"href":"https:\/\/blogs.correiobraziliense.com.br\/servidor\/wp-json\/wp\/v2\/comments?post=17837"}],"version-history":[{"count":2,"href":"https:\/\/blogs.correiobraziliense.com.br\/servidor\/wp-json\/wp\/v2\/posts\/17837\/revisions"}],"predecessor-version":[{"id":17839,"href":"https:\/\/blogs.correiobraziliense.com.br\/servidor\/wp-json\/wp\/v2\/posts\/17837\/revisions\/17839"}],"wp:attachment":[{"href":"https:\/\/blogs.correiobraziliense.com.br\/servidor\/wp-json\/wp\/v2\/media?parent=17837"}],"wp:term":[{"taxonomy":"category","embeddable":true,"href":"https:\/\/blogs.correiobraziliense.com.br\/servidor\/wp-json\/wp\/v2\/categories?post=17837"},{"taxonomy":"post_tag","embeddable":true,"href":"https:\/\/blogs.correiobraziliense.com.br\/servidor\/wp-json\/wp\/v2\/tags?post=17837"}],"curies":[{"name":"wp","href":"https:\/\/api.w.org\/{rel}","templated":true}]}}