{"id":1783,"date":"2016-06-03T12:30:31","date_gmt":"2016-06-03T15:30:31","guid":{"rendered":"https:\/\/blogs.correiobraziliense.com.br\/servidor\/?p=1783"},"modified":"2016-06-03T12:30:31","modified_gmt":"2016-06-03T15:30:31","slug":"ministerio-da-fazenda-eduardo-guardia-sera-o-secretario-executivo","status":"publish","type":"post","link":"https:\/\/blogs.correiobraziliense.com.br\/servidor\/ministerio-da-fazenda-eduardo-guardia-sera-o-secretario-executivo\/","title":{"rendered":"MINIST\u00c9RIO DA FAZENDA &#8211; EDUARDO GUARDIA SER\u00c1 O SECRET\u00c1RIO EXECUTIVO"},"content":{"rendered":"<p>O economista Eduardo Refinetti Guardia aceitou convite do ministro da Fazenda, Henrique Meirelles, para ocupar o cargo de secret\u00e1rio executivo em substitui\u00e7\u00e3o a Tarc\u00edsio Godoy, que vai desempenhar fun\u00e7\u00e3o relevante no governo, informou a assessoria de imprensa.<\/p>\n<p>&nbsp;<\/p>\n<p>Graduado pela Pontif\u00edcia Universidade Cat\u00f3lica de S\u00e3o Paulo, Guardia \u00e9 doutor em economia pela Faculdade de Economia e Administra\u00e7\u00e3o da Universidade de S\u00e3o Paulo. Desde maio de 2013 ele \u00e9 Diretor Executivo de Produtos da BM&amp;FBovespa, onde tamb\u00e9m foi diretor executivo financeiro de junho de 2010 a maio de 2013.<\/p>\n<p>&nbsp;<\/p>\n<p>Anteriormente, foi secret\u00e1rio da Fazenda do Estado de S\u00e3o Paulo, secret\u00e1rio do Tesouro Nacional e secret\u00e1rio-adjunto de Pol\u00edtica Econ\u00f4mica do Minist\u00e9rio da Fazenda.<\/p>\n<p>&nbsp;<\/p>\n","protected":false},"excerpt":{"rendered":"<p>O economista Eduardo Refinetti Guardia aceitou convite do ministro da Fazenda, Henrique Meirelles, para ocupar o cargo de secret\u00e1rio executivo em substitui\u00e7\u00e3o a Tarc\u00edsio Godoy, que vai desempenhar fun\u00e7\u00e3o relevante no governo, informou a assessoria de imprensa. &nbsp; Graduado pela Pontif\u00edcia Universidade Cat\u00f3lica de S\u00e3o Paulo, Guardia \u00e9 doutor em economia pela Faculdade de Economia e Administra\u00e7\u00e3o da Universidade de [&hellip;]<\/p>\n","protected":false},"author":27,"featured_media":0,"comment_status":"open","ping_status":"closed","sticky":false,"template":"","format":"standard","meta":{"footnotes":""},"categories":[1],"tags":[2109,2111,810,2110],"class_list":["post-1783","post","type-post","status-publish","format-standard","hentry","category-sem-categoria","tag-eduardo-guardia","tag-meirelles","tag-ministerio-da-fazenda","tag-secretario-executivo"],"_links":{"self":[{"href":"https:\/\/blogs.correiobraziliense.com.br\/servidor\/wp-json\/wp\/v2\/posts\/1783","targetHints":{"allow":["GET"]}}],"collection":[{"href":"https:\/\/blogs.correiobraziliense.com.br\/servidor\/wp-json\/wp\/v2\/posts"}],"about":[{"href":"https:\/\/blogs.correiobraziliense.com.br\/servidor\/wp-json\/wp\/v2\/types\/post"}],"author":[{"embeddable":true,"href":"https:\/\/blogs.correiobraziliense.com.br\/servidor\/wp-json\/wp\/v2\/users\/27"}],"replies":[{"embeddable":true,"href":"https:\/\/blogs.correiobraziliense.com.br\/servidor\/wp-json\/wp\/v2\/comments?post=1783"}],"version-history":[{"count":1,"href":"https:\/\/blogs.correiobraziliense.com.br\/servidor\/wp-json\/wp\/v2\/posts\/1783\/revisions"}],"predecessor-version":[{"id":1784,"href":"https:\/\/blogs.correiobraziliense.com.br\/servidor\/wp-json\/wp\/v2\/posts\/1783\/revisions\/1784"}],"wp:attachment":[{"href":"https:\/\/blogs.correiobraziliense.com.br\/servidor\/wp-json\/wp\/v2\/media?parent=1783"}],"wp:term":[{"taxonomy":"category","embeddable":true,"href":"https:\/\/blogs.correiobraziliense.com.br\/servidor\/wp-json\/wp\/v2\/categories?post=1783"},{"taxonomy":"post_tag","embeddable":true,"href":"https:\/\/blogs.correiobraziliense.com.br\/servidor\/wp-json\/wp\/v2\/tags?post=1783"}],"curies":[{"name":"wp","href":"https:\/\/api.w.org\/{rel}","templated":true}]}}