{"id":17820,"date":"2020-09-25T12:02:56","date_gmt":"2020-09-25T15:02:56","guid":{"rendered":"https:\/\/blogs.correiobraziliense.com.br\/servidor\/?p=17820"},"modified":"2020-09-25T12:02:56","modified_gmt":"2020-09-25T15:02:56","slug":"governo-federal-economiza-r-1-bilhao-com-trabalho-remoto-de-servidores-durante-a-pandemia","status":"publish","type":"post","link":"https:\/\/blogs.correiobraziliense.com.br\/servidor\/governo-federal-economiza-r-1-bilhao-com-trabalho-remoto-de-servidores-durante-a-pandemia\/","title":{"rendered":"Governo federal economiza R$ 1 bilh\u00e3o com trabalho remoto de servidores durante a pandemia"},"content":{"rendered":"<p><em><strong>Levantamento do Minist\u00e9rio da Economia considera a redu\u00e7\u00e3o dos gastos de custeio e dos pagamentos de aux\u00edlios aos servidores no per\u00edodo de abril a agosto, al\u00e9m das despesas com servi\u00e7os de c\u00f3pias, reprodu\u00e7\u00f5es de documentos e comunica\u00e7\u00e3o em geral<\/strong><\/em><\/p>\n<p>O governo federal j\u00e1 economizou cerca de R$ 1 bilh\u00e3o com o trabalho remoto de servidores p\u00fablicos durante a pandemia do novo coronav\u00edrus (Covid-19). Este valor considera a redu\u00e7\u00e3o de R$ 859 milh\u00f5es nos gastos de custeio e a diminui\u00e7\u00e3o de R$ 161 milh\u00f5es nos pagamentos de aux\u00edlios para os servidores, entre os meses de abril e agosto de 2020.\u00a0\u201cOs recursos economizados em gastos administrativos podem ser destinados ao atendimento direto da popula\u00e7\u00e3o\u201d,\u00a0explica o secret\u00e1rio de Gest\u00e3o da Secretaria Especial de Desburocratiza\u00e7\u00e3o, Gest\u00e3o e Governo Digital do ME, Cristiano Heckert.<\/p>\n<p>\u201cParte dos servidores est\u00e1 em teletrabalho desde o in\u00edcio da pandemia. Fizemos o acompanhamento mensal dos gastos de custeio e verificamos a diminui\u00e7\u00e3o em itens como di\u00e1rias, passagens e despesas com locomo\u00e7\u00e3o e tamb\u00e9m com energia el\u00e9trica, \u00e1gua e esgoto\u201d, complementa o secret\u00e1rio.\u00a0Al\u00e9m desses gastos, o levantamento do minist\u00e9rio considerou tamb\u00e9m despesas com servi\u00e7os de c\u00f3pias, reprodu\u00e7\u00f5es de documentos e comunica\u00e7\u00e3o em geral.<\/p>\n<p>Confira abaixo:<\/p>\n<div class=\"\">\n<div id=\"content\">\n<article>\n<div id=\"content-core\">\n<div id=\"parent-fieldname-text\" class=\"\">\n<div>\n<table class=\"plain\">\n<tbody>\n<tr>\n<td><b>Item de despesa<\/b><\/td>\n<td>\n<p align=\"center\"><b>M\u00e9dia mensal 2019<\/b><\/p>\n<\/td>\n<td>\n<p align=\"center\"><b>M\u00e9dia mensal 2020<\/b><\/p>\n<\/td>\n<td>\n<p align=\"center\"><b>Economia m\u00e9dia<br \/>\nmensal (2019 =&gt; 2020)<\/b><\/p>\n<\/td>\n<td>\n<p align=\"center\"><b>Economia<br \/>\nacumulada nos<br \/>\n5 meses<\/b><\/p>\n<\/td>\n<\/tr>\n<tr>\n<td><b>Di\u00e1rias, Passagens<br \/>\ne Despesas com<br \/>\nLocomo\u00e7\u00e3o<\/b><\/td>\n<td>\n<p align=\"right\">R$ 139.349.501,30<\/p>\n<\/td>\n<td>\n<p align=\"right\">R$ 45.099.167,15<\/p>\n<\/td>\n<td>\n<p align=\"right\">R$ 94.250.334,14<\/p>\n<\/td>\n<td>\n<p align=\"right\">R$ 471.251.670,72<\/p>\n<\/td>\n<\/tr>\n<tr>\n<td><b>Servi\u00e7os de<br \/>\n<\/b><b>Energia El\u00e9trica<\/b><\/td>\n<td>\n<p align=\"right\">R$ 196.097.146,70<\/p>\n<\/td>\n<td>\n<p align=\"right\">R$ 144.987.636,05<\/p>\n<\/td>\n<td>\n<p align=\"right\">R$ 51.109.510,65<\/p>\n<\/td>\n<td>\n<p align=\"right\">R$ 255.547.553,27<\/p>\n<\/td>\n<\/tr>\n<tr>\n<td><b>Servi\u00e7os de C\u00f3pias<br \/>\ne Reprodu\u00e7\u00f5es<br \/>\nde Documentos<\/b><\/td>\n<td>\n<p align=\"right\">R$ 5.140.894,84<\/p>\n<\/td>\n<td>\n<p align=\"right\">R$ 3.194.365,75<\/p>\n<\/td>\n<td>\n<p align=\"right\">R$ 1.946.529,09<\/p>\n<\/td>\n<td>\n<p align=\"right\">R$ 9.732.645,44<\/p>\n<\/td>\n<\/tr>\n<tr>\n<td><b>Servi\u00e7os de<br \/>\nComunica\u00e7\u00e3o em Geral<\/b><\/td>\n<td>\n<p align=\"right\">R$ 28.290.178,76<\/p>\n<\/td>\n<td>\n<p align=\"right\">R$ 10.377.059,42<\/p>\n<\/td>\n<td>\n<p align=\"right\">R$ 17.913.119,34<\/p>\n<\/td>\n<td>\n<p align=\"right\">R$ 89.565.596,69<\/p>\n<\/td>\n<\/tr>\n<tr>\n<td><b>Servi\u00e7os de \u00c1gua<br \/>\ne Esgoto<\/b><\/td>\n<td>\n<p align=\"right\">R$ 43.635.010,19<\/p>\n<\/td>\n<td>\n<p align=\"right\">R$ 37.046.548,81<\/p>\n<\/td>\n<td>\n<p align=\"right\">R$ 6.588.461,39<\/p>\n<\/td>\n<td>\n<p align=\"right\">R$ 32.942.306,94<\/p>\n<\/td>\n<\/tr>\n<tr>\n<td><b>Total<\/b><\/td>\n<td>\n<p align=\"right\"><b>R$ 412.512.731,79<\/b><\/p>\n<\/td>\n<td>\n<p align=\"right\"><b>R$ 240.704.777,18<\/b><\/p>\n<\/td>\n<td>\n<p align=\"right\"><b>R$ 171.807.954,61<\/b><\/p>\n<\/td>\n<td>\n<p align=\"right\"><b>R$ 859.039.773,06<\/b><\/p>\n<\/td>\n<\/tr>\n<\/tbody>\n<\/table>\n<p><span class=\"discreet\"><i>Despesas corrigidas pelo IPCA (abril-agosto)<\/i>\u00a0\u00a0<\/span><\/p>\n<p><b>Aux\u00edlios<br \/>\n<\/b>Ainda em mar\u00e7o, o ME orientou os demais \u00f3rg\u00e3os da Administra\u00e7\u00e3o P\u00fablica Federal sobre a autoriza\u00e7\u00e3o para o trabalho remoto com a publica\u00e7\u00e3o da\u00a0<a class=\"external-link\" title=\"\" href=\"https:\/\/www.in.gov.br\/en\/web\/dou\/-\/instrucao-normativa-n-28-de-25-de-marco-de-2020-249807751\" target=\"_blank\" rel=\"noopener\">Instru\u00e7\u00e3o Normativa n\u00ba 28<\/a>. A norma estabelece regras para a concess\u00e3o do aux\u00edlio-transporte, do adicional noturno e dos adicionais ocupacionais aos servidores e empregados p\u00fablicos em atividades remotas ou afastados das atividades presenciais. Esta IN gerou uma economia de R$ 161.452.701,82 aos cofres p\u00fablicos entre abril e agosto deste ano. Entre os adicionais impactados pela medida est\u00e3o os de insalubridade, irradia\u00e7\u00e3o ionizante, periculosidade, servi\u00e7o extraordin\u00e1rio e noturno.<\/p>\n<p><b>Teletrabalho<br \/>\n<\/b>Para ampliar e normatizar a ado\u00e7\u00e3o do teletrabalho, a Secretaria de Gest\u00e3o e Desempenho de Pessoal da Secretaria Especial de Desburocratiza\u00e7\u00e3o, Gest\u00e3o e Governo Digital (SGP\/SEDGG) publicou, no fim de julho deste ano, a\u00a0<a class=\"external-link\" title=\"\" href=\"https:\/\/www.in.gov.br\/en\/web\/dou\/-\/instrucao-normativa-n-65-de-30-de-julho-de-2020-269669395\" target=\"_blank\" rel=\"noopener\">Instru\u00e7\u00e3o Normativa n\u00ba 65,<\/a>\u00a0com orienta\u00e7\u00f5es para a ado\u00e7\u00e3o do regime de teletrabalho nos \u00f3rg\u00e3os e entidades integrantes do Sistema de Pessoal Civil da Administra\u00e7\u00e3o Federal (SIPEC), focando na entrega de resultados e reduzindo despesas administrativas. Atualmente, cerca de 200 \u00f3rg\u00e3os fazem parte deste sistema.<\/p>\n<p>\u201cEstamos tornando o processo de solicita\u00e7\u00e3o do teletrabalho mais simples e menos burocr\u00e1tico. Com isso, ganharemos efici\u00eancia, transpar\u00eancia e controle da sociedade\u201d, afirma o secret\u00e1rio de Gest\u00e3o e Desempenho de Pessoal do Minist\u00e9rio da Economia, Wagner Lenhart.<\/p>\n<p>A implanta\u00e7\u00e3o do programa de gest\u00e3o \u00e9 facultativa aos \u00f3rg\u00e3os e entidades da Administra\u00e7\u00e3o P\u00fablica Federal e deve ocorrer em fun\u00e7\u00e3o da conveni\u00eancia e do interesse do servi\u00e7o. Al\u00e9m de servidores efetivos, poder\u00e3o participar do programa ocupantes de cargos em comiss\u00e3o, empregados p\u00fablicos e contratados tempor\u00e1rios. Cada \u00f3rg\u00e3o definir\u00e1, a partir de suas necessidades, quais atividades poder\u00e3o ser desempenhadas a dist\u00e2ncia. Caber\u00e1 ao dirigente m\u00e1ximo de cada pasta autorizar a implementa\u00e7\u00e3o do programa.<\/p>\n<\/div>\n<\/div>\n<\/div>\n<div class=\"visualClear\"><\/div>\n<div class=\"documentActions\"><\/div>\n<\/article>\n<\/div>\n<\/div>\n<div id=\"viewlet-below-content\"><\/div>\n","protected":false},"excerpt":{"rendered":"<p>Levantamento do Minist\u00e9rio da Economia considera a redu\u00e7\u00e3o dos gastos de custeio e dos pagamentos de aux\u00edlios aos servidores no per\u00edodo de abril a agosto, al\u00e9m das despesas com servi\u00e7os de c\u00f3pias, reprodu\u00e7\u00f5es de documentos e comunica\u00e7\u00e3o em geral O governo federal j\u00e1 economizou cerca de R$ 1 bilh\u00e3o com o trabalho remoto de servidores p\u00fablicos durante a pandemia do [&hellip;]<\/p>\n","protected":false},"author":27,"featured_media":0,"comment_status":"open","ping_status":"closed","sticky":false,"template":"","format":"standard","meta":{"footnotes":""},"categories":[2719],"tags":[1918,3577,559,7833,17256,236,712,235,1753,88,632,12880,1169,1522,6223,151,17255,1393,1788,7472,18260,1379,58,261],"class_list":["post-17820","post","type-post","status-publish","format-standard","hentry","category-servidor","tag-agua","tag-auxilios","tag-comunicacao","tag-copias","tag-covid-19","tag-custeio","tag-desburocratizacao","tag-despesas","tag-diarias","tag-economia","tag-energia-eletrica","tag-esgoto","tag-gastos","tag-governo-federal","tag-locomocao","tag-pagamento","tag-pandemia","tag-passagens","tag-presencial","tag-remoto","tag-reproducoes","tag-servicos","tag-servidores","tag-trabalho"],"_links":{"self":[{"href":"https:\/\/blogs.correiobraziliense.com.br\/servidor\/wp-json\/wp\/v2\/posts\/17820","targetHints":{"allow":["GET"]}}],"collection":[{"href":"https:\/\/blogs.correiobraziliense.com.br\/servidor\/wp-json\/wp\/v2\/posts"}],"about":[{"href":"https:\/\/blogs.correiobraziliense.com.br\/servidor\/wp-json\/wp\/v2\/types\/post"}],"author":[{"embeddable":true,"href":"https:\/\/blogs.correiobraziliense.com.br\/servidor\/wp-json\/wp\/v2\/users\/27"}],"replies":[{"embeddable":true,"href":"https:\/\/blogs.correiobraziliense.com.br\/servidor\/wp-json\/wp\/v2\/comments?post=17820"}],"version-history":[{"count":1,"href":"https:\/\/blogs.correiobraziliense.com.br\/servidor\/wp-json\/wp\/v2\/posts\/17820\/revisions"}],"predecessor-version":[{"id":17821,"href":"https:\/\/blogs.correiobraziliense.com.br\/servidor\/wp-json\/wp\/v2\/posts\/17820\/revisions\/17821"}],"wp:attachment":[{"href":"https:\/\/blogs.correiobraziliense.com.br\/servidor\/wp-json\/wp\/v2\/media?parent=17820"}],"wp:term":[{"taxonomy":"category","embeddable":true,"href":"https:\/\/blogs.correiobraziliense.com.br\/servidor\/wp-json\/wp\/v2\/categories?post=17820"},{"taxonomy":"post_tag","embeddable":true,"href":"https:\/\/blogs.correiobraziliense.com.br\/servidor\/wp-json\/wp\/v2\/tags?post=17820"}],"curies":[{"name":"wp","href":"https:\/\/api.w.org\/{rel}","templated":true}]}}