{"id":17815,"date":"2020-09-24T18:13:34","date_gmt":"2020-09-24T21:13:34","guid":{"rendered":"https:\/\/blogs.correiobraziliense.com.br\/servidor\/?p=17815"},"modified":"2020-09-24T18:14:45","modified_gmt":"2020-09-24T21:14:45","slug":"62-dos-peritos-medicos-atenderam-hoje-nas-agencias-do-inss","status":"publish","type":"post","link":"https:\/\/blogs.correiobraziliense.com.br\/servidor\/62-dos-peritos-medicos-atenderam-hoje-nas-agencias-do-inss\/","title":{"rendered":"62% dos peritos m\u00e9dicos atenderam hoje nas ag\u00eancias do INSS"},"content":{"rendered":"<p><em><strong>De acordo com a Secretaria Especial de Previd\u00eancia e Trabalho e o Instituto Nacional do Seguro Social, nesta quinta-feira (24), 477, dos 762 peritos m\u00e9dicos federais que deveriam ter retornado ao atendimento presencial nas ag\u00eancias, compareceram aos seus postos de trabalho<\/strong><\/em><\/p>\n<p>A nota conjunta informa que foram realizadas, at\u00e9 \u00e0s 16 horas, 4.169 per\u00edcias presenciais. &#8220;Esses atendimentos ocorreram em 202 ag\u00eancias com Per\u00edcia M\u00e9dica&#8221;, aponta.<\/p>\n","protected":false},"excerpt":{"rendered":"<p>De acordo com a Secretaria Especial de Previd\u00eancia e Trabalho e o Instituto Nacional do Seguro Social, nesta quinta-feira (24), 477, dos 762 peritos m\u00e9dicos federais que deveriam ter retornado ao atendimento presencial nas ag\u00eancias, compareceram aos seus postos de trabalho A nota conjunta informa que foram realizadas, at\u00e9 \u00e0s 16 horas, 4.169 per\u00edcias presenciais. &#8220;Esses atendimentos ocorreram em 202 [&hellip;]<\/p>\n","protected":false},"author":27,"featured_media":0,"comment_status":"open","ping_status":"closed","sticky":false,"template":"","format":"standard","meta":{"footnotes":""},"categories":[2719],"tags":[879,551,11,16921,1788],"class_list":["post-17815","post","type-post","status-publish","format-standard","hentry","category-servidor","tag-agencias","tag-atendimento","tag-inss","tag-peritos-medicos","tag-presencial"],"_links":{"self":[{"href":"https:\/\/blogs.correiobraziliense.com.br\/servidor\/wp-json\/wp\/v2\/posts\/17815","targetHints":{"allow":["GET"]}}],"collection":[{"href":"https:\/\/blogs.correiobraziliense.com.br\/servidor\/wp-json\/wp\/v2\/posts"}],"about":[{"href":"https:\/\/blogs.correiobraziliense.com.br\/servidor\/wp-json\/wp\/v2\/types\/post"}],"author":[{"embeddable":true,"href":"https:\/\/blogs.correiobraziliense.com.br\/servidor\/wp-json\/wp\/v2\/users\/27"}],"replies":[{"embeddable":true,"href":"https:\/\/blogs.correiobraziliense.com.br\/servidor\/wp-json\/wp\/v2\/comments?post=17815"}],"version-history":[{"count":2,"href":"https:\/\/blogs.correiobraziliense.com.br\/servidor\/wp-json\/wp\/v2\/posts\/17815\/revisions"}],"predecessor-version":[{"id":17817,"href":"https:\/\/blogs.correiobraziliense.com.br\/servidor\/wp-json\/wp\/v2\/posts\/17815\/revisions\/17817"}],"wp:attachment":[{"href":"https:\/\/blogs.correiobraziliense.com.br\/servidor\/wp-json\/wp\/v2\/media?parent=17815"}],"wp:term":[{"taxonomy":"category","embeddable":true,"href":"https:\/\/blogs.correiobraziliense.com.br\/servidor\/wp-json\/wp\/v2\/categories?post=17815"},{"taxonomy":"post_tag","embeddable":true,"href":"https:\/\/blogs.correiobraziliense.com.br\/servidor\/wp-json\/wp\/v2\/tags?post=17815"}],"curies":[{"name":"wp","href":"https:\/\/api.w.org\/{rel}","templated":true}]}}