{"id":17813,"date":"2020-09-24T16:47:20","date_gmt":"2020-09-24T19:47:20","guid":{"rendered":"https:\/\/blogs.correiobraziliense.com.br\/servidor\/?p=17813"},"modified":"2020-09-24T16:47:20","modified_gmt":"2020-09-24T19:47:20","slug":"anmp-informa-que-mantera-vistorias-sanitarias-conforme-planejado","status":"publish","type":"post","link":"https:\/\/blogs.correiobraziliense.com.br\/servidor\/anmp-informa-que-mantera-vistorias-sanitarias-conforme-planejado\/","title":{"rendered":"ANMP informa que manter\u00e1 vistorias sanit\u00e1rias conforme planejado"},"content":{"rendered":"<p><em><strong>Por meio de nota , a Associa\u00e7\u00e3o Nacional dos Peritos M\u00e9dicos Federais (ANMP) informa que &#8220;a recente decis\u00e3o do TRF-1 em suspender a liminar obtida pela ANMP\u00a0que impedia a abertura de ag\u00eancias inaptas por parte do INSS n\u00e3o\u00a0muda em nada a conduta da categoria&#8221;<\/strong><\/em><\/p>\n<p>De acordo com a entidade, os t\u00e9cnicos continuaram, hoje, com as vistorias sanit\u00e1rias nas\u00a0ag\u00eancias abertas pelo INSS &#8220;e as mesmas continuar\u00e3o na sexta-feira\u00a0e em todas as datas em que houver novas listas de abertura de\u00a0ag\u00eancias por parte do INSS&#8221;.<\/p>\n<p>Afirma, ainda, que o fato do servi\u00e7o ser essencial n\u00e3o exime o INSS de suas obriga\u00e7\u00f5es\u00a0 constitucionais de garantir o direito \u00e0 vida dos servidores e segurados. &#8220;Nas ag\u00eancias inaptas a orienta\u00e7\u00e3o \u00e9 da manuten\u00e7\u00e3o do trabalho\u00a0remoto enquanto as pend\u00eancias s\u00e3o corrigidas&#8221;, refor\u00e7a a diretoria da ANMP.<\/p>\n","protected":false},"excerpt":{"rendered":"<p>Por meio de nota , a Associa\u00e7\u00e3o Nacional dos Peritos M\u00e9dicos Federais (ANMP) informa que &#8220;a recente decis\u00e3o do TRF-1 em suspender a liminar obtida pela ANMP\u00a0que impedia a abertura de ag\u00eancias inaptas por parte do INSS n\u00e3o\u00a0muda em nada a conduta da categoria&#8221; De acordo com a entidade, os t\u00e9cnicos continuaram, hoje, com as vistorias sanit\u00e1rias nas\u00a0ag\u00eancias abertas pelo [&hellip;]<\/p>\n","protected":false},"author":27,"featured_media":0,"comment_status":"open","ping_status":"closed","sticky":false,"template":"","format":"standard","meta":{"footnotes":""},"categories":[2719],"tags":[879,2782,11,18258,7472,10471,522,58,261,18192],"class_list":["post-17813","post","type-post","status-publish","format-standard","hentry","category-servidor","tag-agencias","tag-anmp","tag-inss","tag-planejado","tag-remoto","tag-sanitarias","tag-segurados","tag-servidores","tag-trabalho","tag-vistorias"],"_links":{"self":[{"href":"https:\/\/blogs.correiobraziliense.com.br\/servidor\/wp-json\/wp\/v2\/posts\/17813","targetHints":{"allow":["GET"]}}],"collection":[{"href":"https:\/\/blogs.correiobraziliense.com.br\/servidor\/wp-json\/wp\/v2\/posts"}],"about":[{"href":"https:\/\/blogs.correiobraziliense.com.br\/servidor\/wp-json\/wp\/v2\/types\/post"}],"author":[{"embeddable":true,"href":"https:\/\/blogs.correiobraziliense.com.br\/servidor\/wp-json\/wp\/v2\/users\/27"}],"replies":[{"embeddable":true,"href":"https:\/\/blogs.correiobraziliense.com.br\/servidor\/wp-json\/wp\/v2\/comments?post=17813"}],"version-history":[{"count":1,"href":"https:\/\/blogs.correiobraziliense.com.br\/servidor\/wp-json\/wp\/v2\/posts\/17813\/revisions"}],"predecessor-version":[{"id":17814,"href":"https:\/\/blogs.correiobraziliense.com.br\/servidor\/wp-json\/wp\/v2\/posts\/17813\/revisions\/17814"}],"wp:attachment":[{"href":"https:\/\/blogs.correiobraziliense.com.br\/servidor\/wp-json\/wp\/v2\/media?parent=17813"}],"wp:term":[{"taxonomy":"category","embeddable":true,"href":"https:\/\/blogs.correiobraziliense.com.br\/servidor\/wp-json\/wp\/v2\/categories?post=17813"},{"taxonomy":"post_tag","embeddable":true,"href":"https:\/\/blogs.correiobraziliense.com.br\/servidor\/wp-json\/wp\/v2\/tags?post=17813"}],"curies":[{"name":"wp","href":"https:\/\/api.w.org\/{rel}","templated":true}]}}