{"id":17801,"date":"2020-09-23T18:02:51","date_gmt":"2020-09-23T21:02:51","guid":{"rendered":"https:\/\/blogs.correiobraziliense.com.br\/servidor\/?p=17801"},"modified":"2020-09-23T18:09:52","modified_gmt":"2020-09-23T21:09:52","slug":"peritos-medicos-retornam-lentamente-ao-atendimento-presencial","status":"publish","type":"post","link":"https:\/\/blogs.correiobraziliense.com.br\/servidor\/peritos-medicos-retornam-lentamente-ao-atendimento-presencial\/","title":{"rendered":"Peritos m\u00e9dicos retornam lentamente ao atendimento presencial"},"content":{"rendered":"<p><em><strong>A Secretaria Especial de Previd\u00eancia e Trabalho e o Instituto Nacional do Seguro Social informam que, nesta quarta-feira (23), dos 763 peritos m\u00e9dicos federais que deveriam ter retornado ao atendimento presencial nas ag\u00eancias, 421 compareceram aos postos de trabalho<\/strong><\/em><\/p>\n<p>Esse n\u00famero corresponde a 77% dos peritos nos locais de atendimento. Foram feitos, at\u00e9 \u00e0s 16 horas, 3.796 per\u00edcias presenciais. Esses atendimentos ocorreram em 135 ag\u00eancias com Per\u00edcia M\u00e9dica, de acordo com o comunicado. Em Bras\u00edlia, as ag\u00eancia na Asa Sul e Una\u00ed funcionaram.<\/p>\n","protected":false},"excerpt":{"rendered":"<p>A Secretaria Especial de Previd\u00eancia e Trabalho e o Instituto Nacional do Seguro Social informam que, nesta quarta-feira (23), dos 763 peritos m\u00e9dicos federais que deveriam ter retornado ao atendimento presencial nas ag\u00eancias, 421 compareceram aos postos de trabalho Esse n\u00famero corresponde a 77% dos peritos nos locais de atendimento. Foram feitos, at\u00e9 \u00e0s 16 horas, 3.796 per\u00edcias presenciais. Esses [&hellip;]<\/p>\n","protected":false},"author":27,"featured_media":0,"comment_status":"open","ping_status":"closed","sticky":false,"template":"","format":"standard","meta":{"footnotes":""},"categories":[2719],"tags":[879,551,59,11,16921,830,1788,18251,549,261],"class_list":["post-17801","post","type-post","status-publish","format-standard","hentry","category-servidor","tag-agencias","tag-atendimento","tag-federais","tag-inss","tag-peritos-medicos","tag-postos","tag-presencial","tag-presencial-pericias","tag-previdencia","tag-trabalho"],"_links":{"self":[{"href":"https:\/\/blogs.correiobraziliense.com.br\/servidor\/wp-json\/wp\/v2\/posts\/17801","targetHints":{"allow":["GET"]}}],"collection":[{"href":"https:\/\/blogs.correiobraziliense.com.br\/servidor\/wp-json\/wp\/v2\/posts"}],"about":[{"href":"https:\/\/blogs.correiobraziliense.com.br\/servidor\/wp-json\/wp\/v2\/types\/post"}],"author":[{"embeddable":true,"href":"https:\/\/blogs.correiobraziliense.com.br\/servidor\/wp-json\/wp\/v2\/users\/27"}],"replies":[{"embeddable":true,"href":"https:\/\/blogs.correiobraziliense.com.br\/servidor\/wp-json\/wp\/v2\/comments?post=17801"}],"version-history":[{"count":2,"href":"https:\/\/blogs.correiobraziliense.com.br\/servidor\/wp-json\/wp\/v2\/posts\/17801\/revisions"}],"predecessor-version":[{"id":17803,"href":"https:\/\/blogs.correiobraziliense.com.br\/servidor\/wp-json\/wp\/v2\/posts\/17801\/revisions\/17803"}],"wp:attachment":[{"href":"https:\/\/blogs.correiobraziliense.com.br\/servidor\/wp-json\/wp\/v2\/media?parent=17801"}],"wp:term":[{"taxonomy":"category","embeddable":true,"href":"https:\/\/blogs.correiobraziliense.com.br\/servidor\/wp-json\/wp\/v2\/categories?post=17801"},{"taxonomy":"post_tag","embeddable":true,"href":"https:\/\/blogs.correiobraziliense.com.br\/servidor\/wp-json\/wp\/v2\/tags?post=17801"}],"curies":[{"name":"wp","href":"https:\/\/api.w.org\/{rel}","templated":true}]}}