{"id":17799,"date":"2020-09-23T17:47:54","date_gmt":"2020-09-23T20:47:54","guid":{"rendered":"https:\/\/blogs.correiobraziliense.com.br\/servidor\/?p=17799"},"modified":"2020-09-23T17:47:54","modified_gmt":"2020-09-23T20:47:54","slug":"contratacao-de-140-concursados-para-o-cargo-de-auditor-fiscal-federal-agropecuario","status":"publish","type":"post","link":"https:\/\/blogs.correiobraziliense.com.br\/servidor\/contratacao-de-140-concursados-para-o-cargo-de-auditor-fiscal-federal-agropecuario\/","title":{"rendered":"Contrata\u00e7\u00e3o de 140 concursados para o cargo de auditor fiscal federal agropecu\u00e1rio"},"content":{"rendered":"<p><em><strong>Sindicato Nacional dos Auditores Fiscais Federais Agropecu\u00e1rios (Anffa Sindical) comemora. Os tr\u00e2mites para aloca\u00e7\u00e3o das vagas j\u00e1 est\u00e3o adiantados e o processo de convoca\u00e7\u00e3o dos veterin\u00e1rios ser\u00e1 o mais r\u00e1pido poss\u00edvel<\/strong><\/em><\/p>\n<p>O presidente Jair Bolsonaro autorizou hoje (23) a nomea\u00e7\u00e3o de 140 m\u00e9dicos veterin\u00e1rios aprovados em concurso feito em 2017 para o cargo de auditor fiscal federal agropecu\u00e1rio (Affa). Esses profissionais refor\u00e7ar\u00e3o a Defesa Agropecu\u00e1ria do pa\u00eds, principalmente o Servi\u00e7o de Inspe\u00e7\u00e3o Federal, e sua contrata\u00e7\u00e3o \u00e9 muito bem recebida pelo Anffa Sindical.<\/p>\n<p>\u201cA ministra Tereza Cristina levou essa pauta da Defesa Agropecu\u00e1ria para o presidente, que entendeu a necessidade e ap\u00f3s estudos t\u00e9cnicos da \u00e1rea econ\u00f4mica decidiu aprovar essa nomea\u00e7\u00e3o\u201d, conta o secret\u00e1rio de Defesa Agropecu\u00e1ria do Minist\u00e9rio da Agricultura, Pecu\u00e1ria e Abastecimento (Mapa), Jos\u00e9 Guilherme Leal.<\/p>\n<p>Segundo o secret\u00e1rio, os tr\u00e2mites para aloca\u00e7\u00e3o das vagas j\u00e1 est\u00e3o adiantados e o processo de convoca\u00e7\u00e3o dos veterin\u00e1rios ser\u00e1 feito o mais r\u00e1pido poss\u00edvel. \u201cO servi\u00e7o est\u00e1 muito estrangulado, principalmente com o afastamento de alguns colegas em fun\u00e7\u00e3o do grupo de risco da covid-19. Os profissionais que est\u00e3o chegando v\u00e3o permitir que a gente mantenha o controle necess\u00e1rio \u00e0 sa\u00fade p\u00fablica e a seguran\u00e7a e qualidade dos produtos, que s\u00e3o verificadas pelos Affas, tanto para o mercado interno quanto para as exporta\u00e7\u00f5es\u201d, diz Jos\u00e9 Guilherme Leal.<\/p>\n<p>O Anffa Sindical defende h\u00e1 anos a contrata\u00e7\u00e3o dos 140 veterin\u00e1rios como forma de mitigar o d\u00e9ficit de servidores na fiscaliza\u00e7\u00e3o agropecu\u00e1ria. O sindicato realizou reuni\u00f5es com o Mapa para discuss\u00e3o da medida, enviou of\u00edcios ao Minist\u00e9rio da Economia pedindo sua aprova\u00e7\u00e3o e vem trabalhando pela divulga\u00e7\u00e3o da import\u00e2ncia desses profissionais e de um servi\u00e7o de fiscaliza\u00e7\u00e3o de qualidade.<\/p>\n<p>&nbsp;<\/p>\n","protected":false},"excerpt":{"rendered":"<p>Sindicato Nacional dos Auditores Fiscais Federais Agropecu\u00e1rios (Anffa Sindical) comemora. Os tr\u00e2mites para aloca\u00e7\u00e3o das vagas j\u00e1 est\u00e3o adiantados e o processo de convoca\u00e7\u00e3o dos veterin\u00e1rios ser\u00e1 o mais r\u00e1pido poss\u00edvel O presidente Jair Bolsonaro autorizou hoje (23) a nomea\u00e7\u00e3o de 140 m\u00e9dicos veterin\u00e1rios aprovados em concurso feito em 2017 para o cargo de auditor fiscal federal agropecu\u00e1rio (Affa). Esses [&hellip;]<\/p>\n","protected":false},"author":27,"featured_media":0,"comment_status":"open","ping_status":"closed","sticky":false,"template":"","format":"standard","meta":{"footnotes":""},"categories":[2719],"tags":[6329,7498,2429,1147,93,172,17256,1552,940,5531,14,174,489,877,14327,58,703,7569],"class_list":["post-17799","post","type-post","status-publish","format-standard","hentry","category-servidor","tag-afastamentos","tag-affas","tag-anffa-sindical","tag-concursados","tag-concurso","tag-contratacao","tag-covid-19","tag-exportacoes","tag-fiscalizacao","tag-interno","tag-mapa","tag-medicos","tag-mercado","tag-ministerio-da-agricultura","tag-ministerio-da-economia","tag-servidores","tag-vagas","tag-veterinarios"],"_links":{"self":[{"href":"https:\/\/blogs.correiobraziliense.com.br\/servidor\/wp-json\/wp\/v2\/posts\/17799","targetHints":{"allow":["GET"]}}],"collection":[{"href":"https:\/\/blogs.correiobraziliense.com.br\/servidor\/wp-json\/wp\/v2\/posts"}],"about":[{"href":"https:\/\/blogs.correiobraziliense.com.br\/servidor\/wp-json\/wp\/v2\/types\/post"}],"author":[{"embeddable":true,"href":"https:\/\/blogs.correiobraziliense.com.br\/servidor\/wp-json\/wp\/v2\/users\/27"}],"replies":[{"embeddable":true,"href":"https:\/\/blogs.correiobraziliense.com.br\/servidor\/wp-json\/wp\/v2\/comments?post=17799"}],"version-history":[{"count":1,"href":"https:\/\/blogs.correiobraziliense.com.br\/servidor\/wp-json\/wp\/v2\/posts\/17799\/revisions"}],"predecessor-version":[{"id":17800,"href":"https:\/\/blogs.correiobraziliense.com.br\/servidor\/wp-json\/wp\/v2\/posts\/17799\/revisions\/17800"}],"wp:attachment":[{"href":"https:\/\/blogs.correiobraziliense.com.br\/servidor\/wp-json\/wp\/v2\/media?parent=17799"}],"wp:term":[{"taxonomy":"category","embeddable":true,"href":"https:\/\/blogs.correiobraziliense.com.br\/servidor\/wp-json\/wp\/v2\/categories?post=17799"},{"taxonomy":"post_tag","embeddable":true,"href":"https:\/\/blogs.correiobraziliense.com.br\/servidor\/wp-json\/wp\/v2\/tags?post=17799"}],"curies":[{"name":"wp","href":"https:\/\/api.w.org\/{rel}","templated":true}]}}