{"id":17797,"date":"2020-09-23T17:21:21","date_gmt":"2020-09-23T20:21:21","guid":{"rendered":"https:\/\/blogs.correiobraziliense.com.br\/servidor\/?p=17797"},"modified":"2020-09-23T17:21:21","modified_gmt":"2020-09-23T20:21:21","slug":"servicos-por-videoconferencia-serao-mantidos-no-judiciario-apos-a-pandemia","status":"publish","type":"post","link":"https:\/\/blogs.correiobraziliense.com.br\/servidor\/servicos-por-videoconferencia-serao-mantidos-no-judiciario-apos-a-pandemia\/","title":{"rendered":"Servi\u00e7os por videoconfer\u00eancia ser\u00e3o mantidos no Judici\u00e1rio ap\u00f3s a pandemia"},"content":{"rendered":"<p><em><strong>A iniciativa foi do presidente do Conselho Nacional de Justi\u00e7a (CNJ) e do Supremo Tribunal Federal (STF), ministro Luiz Fux e aprovado pelo Plen\u00e1rio do CNJ. Ele apresentou proposta determinando que os tribunais definam e regulamentem, em at\u00e9 90 dias, um sistema de videoconfer\u00eancia para audi\u00eancias e atos oficiais<\/strong><\/em><\/p>\n<p>O uso de ferramentas de videoconfer\u00eancia para atender os cidad\u00e3os durante a pandemia do novo coronav\u00edrus (Covid-19) trouxe resultados positivos na produtividade do Poder Judici\u00e1rio. E a situa\u00e7\u00e3o de emerg\u00eancia levou ainda a uma quebra de paradigma.<\/p>\n<p>\u201cOs tempos recentes cooperaram para percebermos que os avan\u00e7os tecnol\u00f3gicos j\u00e1 nos ofereciam bem mais do que imagin\u00e1vamos. O fato \u00e9 que a tradi\u00e7\u00e3o nos fazia resistir ao aproveitamento de todo esse potencial. Durante a pandemia, felizmente a tradi\u00e7\u00e3o cedeu \u00e0 inafastabilidade da jurisdi\u00e7\u00e3o e fomos obrigados a nos adaptar \u00e0 nova realidade\u201d, explicou Fux.<\/p>\n<p><strong>Tecnologia<\/strong><\/p>\n<p>Os tribunais poder\u00e3o optar por desenvolver sistema pr\u00f3prio ou adotar, de forma onerosa ou gratuita, solu\u00e7\u00e3o tecnol\u00f3gica dispon\u00edvel no mercado. A Resolu\u00e7\u00e3o determina, por\u00e9m, que seja priorizada solu\u00e7\u00e3o mais eficiente, de menor custo e que seja compat\u00edvel com o sistema processual eletr\u00f4nico do tribunal.<\/p>\n<p>O CNJ deve ser comunicado sobre a solu\u00e7\u00e3o e o endere\u00e7o eletr\u00f4nico em que pode ser acessada. Al\u00e9m de atender a todas as funcionalidades m\u00ednimas necess\u00e1rias para as audi\u00eancias, o sistema de videoconfer\u00eancia escolhido dever\u00e1 garantir seguran\u00e7a, privacidade e confidencialidade das informa\u00e7\u00f5es compartilhadas.<\/p>\n<p>Fux destacou que, ao adotar solu\u00e7\u00e3o tecnol\u00f3gica unificada em todo o pa\u00eds, a medida fortalece a autonomia administrativa dos tribunais e suas peculiaridades locais e assegura a presta\u00e7\u00e3o jurisdicional. Ele enfatizou que o uso das novas tecnologias n\u00e3o compromete o princ\u00edpio da ampla defesa e do contradit\u00f3rio de investigados e testemunhas e que o ato normativo est\u00e1 alinhado aos princ\u00edpios da celeridade, da efici\u00eancia e da economicidade essenciais \u00e0 administra\u00e7\u00e3o p\u00fablica.<\/p>\n","protected":false},"excerpt":{"rendered":"<p>A iniciativa foi do presidente do Conselho Nacional de Justi\u00e7a (CNJ) e do Supremo Tribunal Federal (STF), ministro Luiz Fux e aprovado pelo Plen\u00e1rio do CNJ. Ele apresentou proposta determinando que os tribunais definam e regulamentem, em at\u00e9 90 dias, um sistema de videoconfer\u00eancia para audi\u00eancias e atos oficiais O uso de ferramentas de videoconfer\u00eancia para atender os cidad\u00e3os durante [&hellip;]<\/p>\n","protected":false},"author":27,"featured_media":0,"comment_status":"open","ping_status":"closed","sticky":false,"template":"","format":"standard","meta":{"footnotes":""},"categories":[2719],"tags":[651,3418,5175,254,17256,2742,64,2439,17255,6186,2776,1136,1379,34,9494,120,17266],"class_list":["post-17797","post","type-post","status-publish","format-standard","hentry","category-servidor","tag-atos","tag-audiencias","tag-avancos","tag-cnj","tag-covid-19","tag-emergencia","tag-judiciario","tag-oficiais","tag-pandemia","tag-paradigma","tag-plenario","tag-produtividade","tag-servicos","tag-stf","tag-tradicao","tag-tribunais","tag-videoconferencia"],"_links":{"self":[{"href":"https:\/\/blogs.correiobraziliense.com.br\/servidor\/wp-json\/wp\/v2\/posts\/17797","targetHints":{"allow":["GET"]}}],"collection":[{"href":"https:\/\/blogs.correiobraziliense.com.br\/servidor\/wp-json\/wp\/v2\/posts"}],"about":[{"href":"https:\/\/blogs.correiobraziliense.com.br\/servidor\/wp-json\/wp\/v2\/types\/post"}],"author":[{"embeddable":true,"href":"https:\/\/blogs.correiobraziliense.com.br\/servidor\/wp-json\/wp\/v2\/users\/27"}],"replies":[{"embeddable":true,"href":"https:\/\/blogs.correiobraziliense.com.br\/servidor\/wp-json\/wp\/v2\/comments?post=17797"}],"version-history":[{"count":1,"href":"https:\/\/blogs.correiobraziliense.com.br\/servidor\/wp-json\/wp\/v2\/posts\/17797\/revisions"}],"predecessor-version":[{"id":17798,"href":"https:\/\/blogs.correiobraziliense.com.br\/servidor\/wp-json\/wp\/v2\/posts\/17797\/revisions\/17798"}],"wp:attachment":[{"href":"https:\/\/blogs.correiobraziliense.com.br\/servidor\/wp-json\/wp\/v2\/media?parent=17797"}],"wp:term":[{"taxonomy":"category","embeddable":true,"href":"https:\/\/blogs.correiobraziliense.com.br\/servidor\/wp-json\/wp\/v2\/categories?post=17797"},{"taxonomy":"post_tag","embeddable":true,"href":"https:\/\/blogs.correiobraziliense.com.br\/servidor\/wp-json\/wp\/v2\/tags?post=17797"}],"curies":[{"name":"wp","href":"https:\/\/api.w.org\/{rel}","templated":true}]}}