{"id":17780,"date":"2020-09-22T21:19:14","date_gmt":"2020-09-23T00:19:14","guid":{"rendered":"https:\/\/blogs.correiobraziliense.com.br\/servidor\/?p=17780"},"modified":"2020-09-22T21:19:14","modified_gmt":"2020-09-23T00:19:14","slug":"anpm-orienta-retorno-ao-trabalho-de-medicos-peritos-do-inss","status":"publish","type":"post","link":"https:\/\/blogs.correiobraziliense.com.br\/servidor\/anpm-orienta-retorno-ao-trabalho-de-medicos-peritos-do-inss\/","title":{"rendered":"ANPM orienta retorno ao trabalho de m\u00e9dicos peritos do INSS"},"content":{"rendered":"<p><em><strong>Por meio de nota, a Associa\u00e7\u00e3o Nacional dos M\u00e9dicos Peritos (ANMP) liberou o retorno dos profissionais ao atendimento presencial nas ag\u00eancias que passaram por inspe\u00e7\u00f5es sanit\u00e1rias a partir de amanh\u00e3 (23\/09)<\/strong><\/em><\/p>\n<p>Veja a nota:<\/p>\n<p>&#8220;A ANMP orienta os colegas que est\u00e3o lotados nas APS listadas no\u00a0anexo a este comunicado e que est\u00e3o convocados para retornar para\u00a0o atendimento presencial que as referidas ag\u00eancias passaram nas\u00a0inspe\u00e7\u00f5es sanit\u00e1rias feitas pela Per\u00edcia M\u00e9dica Federal e, a partir de\u00a0amanh\u00e3 23\/09, dever\u00e3o os mesmos comparecer \u00e0s ag\u00eancias para\u00a0iniciar o atendimento de suas agendas, na aus\u00eancia de qualquer\u00a0outro impedimento.<\/p>\n<p>A ANMP est\u00e1 fazendo um esfor\u00e7o coletivo para inspecionar em\u00a0tempo recorde todas as ag\u00eancias que o INSS est\u00e1 considerando\u00a0\u201captas\u201d para viabilizar, dentro de crit\u00e9rios m\u00ednimos de seguran\u00e7a<br \/>\nsanit\u00e1ria, o retorno do atendimento presencial em todo o Brasil.<\/p>\n<p>Lamentamos que em seis meses fechado o Presidente do INSS n\u00e3o\u00a0tenha organizado a casa a contento.<\/p>\n<p>Diretoria da ANMP&#8221;<\/p>\n","protected":false},"excerpt":{"rendered":"<p>Por meio de nota, a Associa\u00e7\u00e3o Nacional dos M\u00e9dicos Peritos (ANMP) liberou o retorno dos profissionais ao atendimento presencial nas ag\u00eancias que passaram por inspe\u00e7\u00f5es sanit\u00e1rias a partir de amanh\u00e3 (23\/09) Veja a nota: &#8220;A ANMP orienta os colegas que est\u00e3o lotados nas APS listadas no\u00a0anexo a este comunicado e que est\u00e3o convocados para retornar para\u00a0o atendimento presencial que as [&hellip;]<\/p>\n","protected":false},"author":27,"featured_media":0,"comment_status":"open","ping_status":"closed","sticky":false,"template":"","format":"standard","meta":{"footnotes":""},"categories":[2719],"tags":[879,2782,551,8878,11,174,504,1788,10471,208],"class_list":["post-17780","post","type-post","status-publish","format-standard","hentry","category-servidor","tag-agencias","tag-anmp","tag-atendimento","tag-inspecoes","tag-inss","tag-medicos","tag-peritos","tag-presencial","tag-sanitarias","tag-seguranca"],"_links":{"self":[{"href":"https:\/\/blogs.correiobraziliense.com.br\/servidor\/wp-json\/wp\/v2\/posts\/17780","targetHints":{"allow":["GET"]}}],"collection":[{"href":"https:\/\/blogs.correiobraziliense.com.br\/servidor\/wp-json\/wp\/v2\/posts"}],"about":[{"href":"https:\/\/blogs.correiobraziliense.com.br\/servidor\/wp-json\/wp\/v2\/types\/post"}],"author":[{"embeddable":true,"href":"https:\/\/blogs.correiobraziliense.com.br\/servidor\/wp-json\/wp\/v2\/users\/27"}],"replies":[{"embeddable":true,"href":"https:\/\/blogs.correiobraziliense.com.br\/servidor\/wp-json\/wp\/v2\/comments?post=17780"}],"version-history":[{"count":1,"href":"https:\/\/blogs.correiobraziliense.com.br\/servidor\/wp-json\/wp\/v2\/posts\/17780\/revisions"}],"predecessor-version":[{"id":17781,"href":"https:\/\/blogs.correiobraziliense.com.br\/servidor\/wp-json\/wp\/v2\/posts\/17780\/revisions\/17781"}],"wp:attachment":[{"href":"https:\/\/blogs.correiobraziliense.com.br\/servidor\/wp-json\/wp\/v2\/media?parent=17780"}],"wp:term":[{"taxonomy":"category","embeddable":true,"href":"https:\/\/blogs.correiobraziliense.com.br\/servidor\/wp-json\/wp\/v2\/categories?post=17780"},{"taxonomy":"post_tag","embeddable":true,"href":"https:\/\/blogs.correiobraziliense.com.br\/servidor\/wp-json\/wp\/v2\/tags?post=17780"}],"curies":[{"name":"wp","href":"https:\/\/api.w.org\/{rel}","templated":true}]}}