{"id":1778,"date":"2016-06-02T17:26:22","date_gmt":"2016-06-02T20:26:22","guid":{"rendered":"https:\/\/blogs.correiobraziliense.com.br\/servidor\/?p=1778"},"modified":"2016-06-02T17:26:22","modified_gmt":"2016-06-02T20:26:22","slug":"anasps-teme-que-descumprimento-de-acordo-no-conad-impeca-geap-de-sair-do-buraco","status":"publish","type":"post","link":"https:\/\/blogs.correiobraziliense.com.br\/servidor\/anasps-teme-que-descumprimento-de-acordo-no-conad-impeca-geap-de-sair-do-buraco\/","title":{"rendered":"ANASPS TEME QUE DESCUMPRIMENTO DE ACORDO NO CONAD IMPE\u00c7A GEAP DE SAIR DO BURACO"},"content":{"rendered":"<p>O vice presidente executivo da Associa\u00e7\u00e3o Nacional dos Servidores da Previd\u00eancia e da Seguridade Social (Anasps), Paulo C\u00e9sar Regis de Souza, afirmou hoje que &#8220;o day after\u201d (o dia depois) da Geap Autogest\u00e3o em Sa\u00fade,\u00a0 maior operadora de plano de sa\u00fade dos servidores, com o Conselho de Administra\u00e7\u00e3o (Conad) desrespeitando suas pr\u00f3prias decis\u00f5es, &#8220;amea\u00e7a o futuro da institui\u00e7\u00e3o com a nomea\u00e7\u00e3o de &#8216;companheiros&#8217; para\u00a0 a administra\u00e7\u00e3o da entidade, que enfrenta uma greve crise com d\u00edvidas de R$ 350 milh\u00f5es, perdas de 50 mil participantes nos \u00faltimos quatro meses, impossibilidade de admitir novas patrocinadoras,\u00a0 aumento de 38% para os servidores, descredenciamentos de cl\u00ednicas e servi\u00e7os e\u00a0 amea\u00e7as de uma terceira interven\u00e7\u00e3o pelo governo, que quer nomear um novo diretor-executivo.<\/p>\n<p>Desde 27 de abril, informou a Anasps, quando houve a mudan\u00e7a dos estatutos da Geap, foi decidido que o Conad deveria abrir edital para contrata\u00e7\u00e3o de diretores e de superintendentes estaduais mediante\u00a0 curr\u00edculo,\u00a0 comprova\u00e7\u00e3o de t\u00edtulos e qualifica\u00e7\u00e3o, experi\u00eancia anterior\u00a0 e not\u00f3rio saber. \u201cMas n\u00e3o \u00e9 isso que est\u00e1 acontecendo&#8221;, afirmou R\u00e9gis de Souza.\u00a0 &#8220;Estamos perdendo a chance de profissionalizar a Geap.\u00a0 O presidente do Conad, unilateralmente, revogou o que foi definido e passou a indicar companheiros para os postos chaves da Geap, departamentos e setores estrat\u00e9gicos da empresa. Isto est\u00e1 tirou o foco principal do Conad, comprometendo\u00a0 a gest\u00e3o da Geap, que ainda n\u00e3o encontrou a forma de n\u00e3o cobrar o aumento de 37,55% &#8211; reduzido para 20% &#8211; e apontar alternativas compensat\u00f3rias para\u00a0 financiar o seu caixa diante das press\u00f5es inerciais dos planos de sa\u00fade\u201d, refor\u00e7ou.<\/p>\n<p>&nbsp;<\/p>\n<p>O vice-presidente executivo chamou a aten\u00e7\u00e3o que a gest\u00e3o da Geap, at\u00e9 27 de abril,\u00a0 era de tr\u00eas representantes do governo e tr\u00eas eleitos pelos servidores, sendo que o governo tinha o voto de minerva para impor suas decis\u00f5es, o que acontecia a torto e a direito. Neste momento os servidores dirigem o Conad e t\u00eam o voto de minerva. O governo\u00a0 amea\u00e7a\u00a0 entretanto\u00a0 reverter as decis\u00f5es de 27 de abril e tem sinalizado neste sentido. \u201cPara n\u00f3s, da Anasps, causa espanto e indigna\u00e7\u00e3o que o presidente do Conad tenha optado por agir por conta pr\u00f3pria, n\u00e3o submetendo suas decis\u00f5es ao Conselho, quando deveria estar empenhado\u00a0 em encontrar mecanismos para sanear a Geap, abrir sua \u201ccaixa preta\u201d , cobrar as patrocinadoras que est\u00e3o em atraso, pagar os prestadores de servi\u00e7os que est\u00e3o sem receber\u00a0 e tentar melhorar a rede de atendimento\u201d, finalizou R\u00e9gis de Souza.<\/p>\n","protected":false},"excerpt":{"rendered":"<p>O vice presidente executivo da Associa\u00e7\u00e3o Nacional dos Servidores da Previd\u00eancia e da Seguridade Social (Anasps), Paulo C\u00e9sar Regis de Souza, afirmou hoje que &#8220;o day after\u201d (o dia depois) da Geap Autogest\u00e3o em Sa\u00fade,\u00a0 maior operadora de plano de sa\u00fade dos servidores, com o Conselho de Administra\u00e7\u00e3o (Conad) desrespeitando suas pr\u00f3prias decis\u00f5es, &#8220;amea\u00e7a o futuro da institui\u00e7\u00e3o com a [&hellip;]<\/p>\n","protected":false},"author":27,"featured_media":0,"comment_status":"open","ping_status":"closed","sticky":false,"template":"","format":"standard","meta":{"footnotes":""},"categories":[1],"tags":[112,2100,337,2099,1149,2095,2094,2101,2097,2096,953,2098,616,58,1494],"class_list":["post-1778","post","type-post","status-publish","format-standard","hentry","category-sem-categoria","tag-acordo","tag-alternativas","tag-anasps","tag-buraco","tag-caixa","tag-conad","tag-descumprimento","tag-financiar","tag-gep","tag-impeca","tag-planos","tag-sair","tag-saude","tag-servidores","tag-teme"],"_links":{"self":[{"href":"https:\/\/blogs.correiobraziliense.com.br\/servidor\/wp-json\/wp\/v2\/posts\/1778","targetHints":{"allow":["GET"]}}],"collection":[{"href":"https:\/\/blogs.correiobraziliense.com.br\/servidor\/wp-json\/wp\/v2\/posts"}],"about":[{"href":"https:\/\/blogs.correiobraziliense.com.br\/servidor\/wp-json\/wp\/v2\/types\/post"}],"author":[{"embeddable":true,"href":"https:\/\/blogs.correiobraziliense.com.br\/servidor\/wp-json\/wp\/v2\/users\/27"}],"replies":[{"embeddable":true,"href":"https:\/\/blogs.correiobraziliense.com.br\/servidor\/wp-json\/wp\/v2\/comments?post=1778"}],"version-history":[{"count":1,"href":"https:\/\/blogs.correiobraziliense.com.br\/servidor\/wp-json\/wp\/v2\/posts\/1778\/revisions"}],"predecessor-version":[{"id":1779,"href":"https:\/\/blogs.correiobraziliense.com.br\/servidor\/wp-json\/wp\/v2\/posts\/1778\/revisions\/1779"}],"wp:attachment":[{"href":"https:\/\/blogs.correiobraziliense.com.br\/servidor\/wp-json\/wp\/v2\/media?parent=1778"}],"wp:term":[{"taxonomy":"category","embeddable":true,"href":"https:\/\/blogs.correiobraziliense.com.br\/servidor\/wp-json\/wp\/v2\/categories?post=1778"},{"taxonomy":"post_tag","embeddable":true,"href":"https:\/\/blogs.correiobraziliense.com.br\/servidor\/wp-json\/wp\/v2\/tags?post=1778"}],"curies":[{"name":"wp","href":"https:\/\/api.w.org\/{rel}","templated":true}]}}