{"id":17774,"date":"2020-09-22T18:29:10","date_gmt":"2020-09-22T21:29:10","guid":{"rendered":"https:\/\/blogs.correiobraziliense.com.br\/servidor\/?p=17774"},"modified":"2020-09-22T18:29:10","modified_gmt":"2020-09-22T21:29:10","slug":"senado-aprova-recomposicao-salarial-dos-policiais-civis-do-df","status":"publish","type":"post","link":"https:\/\/blogs.correiobraziliense.com.br\/servidor\/senado-aprova-recomposicao-salarial-dos-policiais-civis-do-df\/","title":{"rendered":"Senado aprova recomposi\u00e7\u00e3o salarial dos policiais civis do DF"},"content":{"rendered":"<p><em><strong>Os senadores acabam de aprovar a Medida Provis\u00f3ria (MPV) 971\/20 que assegura a primeira parte da recomposi\u00e7\u00e3o salarial dos policiais civis do Distrito Federal<\/strong><\/em><\/p>\n<p>O presidente do Sinpol-DF, Alex Galv\u00e3o, acompanhou a sess\u00e3o pessoalmente, no Senado Federal, e comemorou a aprova\u00e7\u00e3o, que ocorreu no \u00faltimo dia do prazo para que a medida n\u00e3o expirasse e um dia depois de ter passado na C\u00e2mara dos Deputados.<\/p>\n<p>&#8220;Gra\u00e7as a um acordo firmado com o presidente do Senado, Davi Alcolumbre (DEM-AP), a fim de agilizar a aprova\u00e7\u00e3o, a discuss\u00e3o da mat\u00e9ria foi reduzida e a vota\u00e7\u00e3o ocorreu de maneira simb\u00f3lica.\u00a0A esmagadora maioria dos senadores votou a favor da medida. O \u00fanico voto contr\u00e1rio foi de Jorginho Mello (PL-SC)&#8221;, informa o Sinpol-DF.<\/p>\n<p><strong>Tramita\u00e7\u00e3o<\/strong><\/p>\n<p>A MP chegou ao Congresso Nacional ap\u00f3s ser assinada pelo presidente Jair Bolsonaro, dia 26 de maio. O texto previu a retroatividade do \u00edndice a janeiro deste ano, conforme o texto publicado no Di\u00e1rio Oficial da Uni\u00e3o (DOU) na mesma ocasi\u00e3o.<\/p>\n<p>A tramita\u00e7\u00e3o no parlamento, entretanto, acabou comprometida em fun\u00e7\u00e3o da pandemia do novo coronav\u00edrus, que colocou outros temas como priorit\u00e1rios. No fim de julho, a medida foi prorrogada por mais 60 dias.<\/p>\n<p>Chegaram a ser apresentadas 74 emendas, mas, em acordo entre o governo, parlamentares e entidades representativas, todas foram rejeitadas para garantir a aprova\u00e7\u00e3o da mat\u00e9ria principal em tempo.<\/p>\n<p>Apresentada pelo deputado Luis Miranda (DEM-DF), ap\u00f3s solicita\u00e7\u00e3o do Sinpol-DF, foi inclu\u00edda apenas uma emenda de reda\u00e7\u00e3o, corrigindo a express\u00e3o agente penitenci\u00e1rio para agente policial de cust\u00f3dia.<\/p>\n","protected":false},"excerpt":{"rendered":"<p>Os senadores acabam de aprovar a Medida Provis\u00f3ria (MPV) 971\/20 que assegura a primeira parte da recomposi\u00e7\u00e3o salarial dos policiais civis do Distrito Federal O presidente do Sinpol-DF, Alex Galv\u00e3o, acompanhou a sess\u00e3o pessoalmente, no Senado Federal, e comemorou a aprova\u00e7\u00e3o, que ocorreu no \u00faltimo dia do prazo para que a medida n\u00e3o expirasse e um dia depois de ter [&hellip;]<\/p>\n","protected":false},"author":27,"featured_media":0,"comment_status":"open","ping_status":"closed","sticky":false,"template":"","format":"standard","meta":{"footnotes":""},"categories":[2719],"tags":[1497,61,1035,16896,433,1769,18238,17255,110,1931,18,3319,8708,695,7117],"class_list":["post-17774","post","type-post","status-publish","format-standard","hentry","category-servidor","tag-aprovacao","tag-camara","tag-civis","tag-coronavirus","tag-distrito-federal","tag-dou","tag-mpv-971-20","tag-pandemia","tag-policiais","tag-recomposicao","tag-salarial","tag-senado-federal","tag-simbolica","tag-tramitacao","tag-voto"],"_links":{"self":[{"href":"https:\/\/blogs.correiobraziliense.com.br\/servidor\/wp-json\/wp\/v2\/posts\/17774","targetHints":{"allow":["GET"]}}],"collection":[{"href":"https:\/\/blogs.correiobraziliense.com.br\/servidor\/wp-json\/wp\/v2\/posts"}],"about":[{"href":"https:\/\/blogs.correiobraziliense.com.br\/servidor\/wp-json\/wp\/v2\/types\/post"}],"author":[{"embeddable":true,"href":"https:\/\/blogs.correiobraziliense.com.br\/servidor\/wp-json\/wp\/v2\/users\/27"}],"replies":[{"embeddable":true,"href":"https:\/\/blogs.correiobraziliense.com.br\/servidor\/wp-json\/wp\/v2\/comments?post=17774"}],"version-history":[{"count":1,"href":"https:\/\/blogs.correiobraziliense.com.br\/servidor\/wp-json\/wp\/v2\/posts\/17774\/revisions"}],"predecessor-version":[{"id":17775,"href":"https:\/\/blogs.correiobraziliense.com.br\/servidor\/wp-json\/wp\/v2\/posts\/17774\/revisions\/17775"}],"wp:attachment":[{"href":"https:\/\/blogs.correiobraziliense.com.br\/servidor\/wp-json\/wp\/v2\/media?parent=17774"}],"wp:term":[{"taxonomy":"category","embeddable":true,"href":"https:\/\/blogs.correiobraziliense.com.br\/servidor\/wp-json\/wp\/v2\/categories?post=17774"},{"taxonomy":"post_tag","embeddable":true,"href":"https:\/\/blogs.correiobraziliense.com.br\/servidor\/wp-json\/wp\/v2\/tags?post=17774"}],"curies":[{"name":"wp","href":"https:\/\/api.w.org\/{rel}","templated":true}]}}