{"id":17770,"date":"2020-09-22T18:10:35","date_gmt":"2020-09-22T21:10:35","guid":{"rendered":"https:\/\/blogs.correiobraziliense.com.br\/servidor\/?p=17770"},"modified":"2020-09-22T18:10:35","modified_gmt":"2020-09-22T21:10:35","slug":"351-peritos-medicos-atenderam-nas-agencias-do-inss","status":"publish","type":"post","link":"https:\/\/blogs.correiobraziliense.com.br\/servidor\/351-peritos-medicos-atenderam-nas-agencias-do-inss\/","title":{"rendered":"351 peritos m\u00e9dicos atenderam nas ag\u00eancias do INSS"},"content":{"rendered":"<p><em><strong>A Secretaria Especial de Previd\u00eancia e Trabalho e o Instituto Nacional do Seguro Social (INSS) informam que, nesta ter\u00e7a-feira (22), 351 peritos m\u00e9dicos federais, dos 486 que deveriam ter retornado, compareceram aos seus postos de trabalho nas ag\u00eancias da Previd\u00eancia<\/strong><\/em><\/p>\n<p>At\u00e9 as 16 horas, foram feitas 3.059 per\u00edcias presenciais. &#8220;Esses atendimentos ocorreram em 110 ag\u00eancias com Per\u00edcia M\u00e9dica, das 148 que j\u00e1 estavam com a agenda para hoje. A partir de amanh\u00e3 (23\/9), 190 ag\u00eancias ter\u00e3o per\u00edcias agendadas. H\u00e1 486 peritos que deveriam ter retornado ao trabalho nesta ter\u00e7a-feira&#8221; destaca a nota conjunta.<\/p>\n<p>De acordo com a secretaria, os peritos que deveriam retornar ao trabalho presencial e que n\u00e3o compareceram &#8220;ser\u00e3o notificados para apresentarem justificativa do motivo, se n\u00e3o houver justificativa plaus\u00edvel, ter\u00e3o o dia de trabalho descontado&#8221;. Os benefici\u00e1rios podem\u00a0verificar quais ag\u00eancias est\u00e3o abertas e se oferecem per\u00edcia m\u00e9dica no endere\u00e7o covid.inss.gov.br<\/p>\n<p>&nbsp;<\/p>\n","protected":false},"excerpt":{"rendered":"<p>A Secretaria Especial de Previd\u00eancia e Trabalho e o Instituto Nacional do Seguro Social (INSS) informam que, nesta ter\u00e7a-feira (22), 351 peritos m\u00e9dicos federais, dos 486 que deveriam ter retornado, compareceram aos seus postos de trabalho nas ag\u00eancias da Previd\u00eancia At\u00e9 as 16 horas, foram feitas 3.059 per\u00edcias presenciais. &#8220;Esses atendimentos ocorreram em 110 ag\u00eancias com Per\u00edcia M\u00e9dica, das 148 [&hellip;]<\/p>\n","protected":false},"author":27,"featured_media":0,"comment_status":"open","ping_status":"closed","sticky":false,"template":"","format":"standard","meta":{"footnotes":""},"categories":[2719],"tags":[18237,3758,18214,3737,947,59,11,174,2733,504,261],"class_list":["post-17770","post","type-post","status-publish","format-standard","hentry","category-servidor","tag-agencias-atendimento","tag-agendamento","tag-covid","tag-descontado","tag-dia","tag-federais","tag-inss","tag-medicos","tag-pericia","tag-peritos","tag-trabalho"],"_links":{"self":[{"href":"https:\/\/blogs.correiobraziliense.com.br\/servidor\/wp-json\/wp\/v2\/posts\/17770","targetHints":{"allow":["GET"]}}],"collection":[{"href":"https:\/\/blogs.correiobraziliense.com.br\/servidor\/wp-json\/wp\/v2\/posts"}],"about":[{"href":"https:\/\/blogs.correiobraziliense.com.br\/servidor\/wp-json\/wp\/v2\/types\/post"}],"author":[{"embeddable":true,"href":"https:\/\/blogs.correiobraziliense.com.br\/servidor\/wp-json\/wp\/v2\/users\/27"}],"replies":[{"embeddable":true,"href":"https:\/\/blogs.correiobraziliense.com.br\/servidor\/wp-json\/wp\/v2\/comments?post=17770"}],"version-history":[{"count":1,"href":"https:\/\/blogs.correiobraziliense.com.br\/servidor\/wp-json\/wp\/v2\/posts\/17770\/revisions"}],"predecessor-version":[{"id":17771,"href":"https:\/\/blogs.correiobraziliense.com.br\/servidor\/wp-json\/wp\/v2\/posts\/17770\/revisions\/17771"}],"wp:attachment":[{"href":"https:\/\/blogs.correiobraziliense.com.br\/servidor\/wp-json\/wp\/v2\/media?parent=17770"}],"wp:term":[{"taxonomy":"category","embeddable":true,"href":"https:\/\/blogs.correiobraziliense.com.br\/servidor\/wp-json\/wp\/v2\/categories?post=17770"},{"taxonomy":"post_tag","embeddable":true,"href":"https:\/\/blogs.correiobraziliense.com.br\/servidor\/wp-json\/wp\/v2\/tags?post=17770"}],"curies":[{"name":"wp","href":"https:\/\/api.w.org\/{rel}","templated":true}]}}