{"id":17757,"date":"2020-09-22T13:02:08","date_gmt":"2020-09-22T16:02:08","guid":{"rendered":"https:\/\/blogs.correiobraziliense.com.br\/servidor\/?p=17757"},"modified":"2020-09-22T13:02:08","modified_gmt":"2020-09-22T16:02:08","slug":"exoneracao-de-rubem-novaes-publicada-no-dou","status":"publish","type":"post","link":"https:\/\/blogs.correiobraziliense.com.br\/servidor\/exoneracao-de-rubem-novaes-publicada-no-dou\/","title":{"rendered":"Exonera\u00e7\u00e3o de Rubem Novaes publicada no DOU"},"content":{"rendered":"<p><em><strong>O presidente Jair Bolsonaro exonerou, &#8220;a pedido&#8221;, o presidente do Banco do Brasil, Rubem de Freitas Novaes, em edi\u00e7\u00e3o extra do Di\u00e1rio Oficial da Uni\u00e3o (DOU), nesta ter\u00e7a-feira.\u00a0No mesmo decreto, o presidente nomeia Andr\u00e9 Guilherme Brand\u00e3o para o cargo.<\/strong><\/em><\/p>\n<p>Andr\u00e9 Brand\u00e3o, conhecido pelo mercado financeiro, saiu do Grupo HSBC para a presid\u00eancia do BB. Tem mais de 20 anos de atua\u00e7\u00e3o no setor. Trabalhou tamb\u00e9m no Citibank, entre S\u00e3o Paulo e Nova York. No final de 1999, no HSBC, atuou na \u00e1rea de renda fixa, vendas e c\u00e2mbio. Em 2001, se tornou diretor de tesouraria, e em seguida, diretor-executivo de tesouraria. Tamb\u00e9m foi diretor da \u00e1rea de mercado para toda a Am\u00e9rica Latina, antes de chegar \u00e0 presid\u00eancia, em 2012.<\/p>\n<p>&nbsp;<\/p>\n","protected":false},"excerpt":{"rendered":"<p>O presidente Jair Bolsonaro exonerou, &#8220;a pedido&#8221;, o presidente do Banco do Brasil, Rubem de Freitas Novaes, em edi\u00e7\u00e3o extra do Di\u00e1rio Oficial da Uni\u00e3o (DOU), nesta ter\u00e7a-feira.\u00a0No mesmo decreto, o presidente nomeia Andr\u00e9 Guilherme Brand\u00e3o para o cargo. Andr\u00e9 Brand\u00e3o, conhecido pelo mercado financeiro, saiu do Grupo HSBC para a presid\u00eancia do BB. Tem mais de 20 anos de [&hellip;]<\/p>\n","protected":false},"author":27,"featured_media":0,"comment_status":"open","ping_status":"closed","sticky":false,"template":"","format":"standard","meta":{"footnotes":""},"categories":[2719],"tags":[1773,4743,1769,908,10668,307,81,14176,3520],"class_list":["post-17757","post","type-post","status-publish","format-standard","hentry","category-servidor","tag-banco-do-brasil","tag-cambio","tag-dou","tag-exoneracao","tag-mercado-financeiro","tag-nomeacao","tag-presidente","tag-renda-fixa","tag-vendas"],"_links":{"self":[{"href":"https:\/\/blogs.correiobraziliense.com.br\/servidor\/wp-json\/wp\/v2\/posts\/17757","targetHints":{"allow":["GET"]}}],"collection":[{"href":"https:\/\/blogs.correiobraziliense.com.br\/servidor\/wp-json\/wp\/v2\/posts"}],"about":[{"href":"https:\/\/blogs.correiobraziliense.com.br\/servidor\/wp-json\/wp\/v2\/types\/post"}],"author":[{"embeddable":true,"href":"https:\/\/blogs.correiobraziliense.com.br\/servidor\/wp-json\/wp\/v2\/users\/27"}],"replies":[{"embeddable":true,"href":"https:\/\/blogs.correiobraziliense.com.br\/servidor\/wp-json\/wp\/v2\/comments?post=17757"}],"version-history":[{"count":1,"href":"https:\/\/blogs.correiobraziliense.com.br\/servidor\/wp-json\/wp\/v2\/posts\/17757\/revisions"}],"predecessor-version":[{"id":17758,"href":"https:\/\/blogs.correiobraziliense.com.br\/servidor\/wp-json\/wp\/v2\/posts\/17757\/revisions\/17758"}],"wp:attachment":[{"href":"https:\/\/blogs.correiobraziliense.com.br\/servidor\/wp-json\/wp\/v2\/media?parent=17757"}],"wp:term":[{"taxonomy":"category","embeddable":true,"href":"https:\/\/blogs.correiobraziliense.com.br\/servidor\/wp-json\/wp\/v2\/categories?post=17757"},{"taxonomy":"post_tag","embeddable":true,"href":"https:\/\/blogs.correiobraziliense.com.br\/servidor\/wp-json\/wp\/v2\/tags?post=17757"}],"curies":[{"name":"wp","href":"https:\/\/api.w.org\/{rel}","templated":true}]}}