{"id":17753,"date":"2020-09-22T12:06:10","date_gmt":"2020-09-22T15:06:10","guid":{"rendered":"https:\/\/blogs.correiobraziliense.com.br\/servidor\/?p=17753"},"modified":"2020-09-22T12:10:24","modified_gmt":"2020-09-22T15:10:24","slug":"40-dos-peritos-medicos-do-inss-voltam-ao-trabalho","status":"publish","type":"post","link":"https:\/\/blogs.correiobraziliense.com.br\/servidor\/40-dos-peritos-medicos-do-inss-voltam-ao-trabalho\/","title":{"rendered":"40% dos peritos m\u00e9dicos do INSS voltam ao trabalho"},"content":{"rendered":"<p><em><strong>Por meio de nota, a Secretaria Especial de Previd\u00eancia e Trabalho e o Instituto Nacional do Seguro Social INSS)) informaram que, nesta ter\u00e7a-feira (22), 202 peritos m\u00e9dicos federais, dos 486 que deveriam retornar, compareceram aos seus postos de trabalho nas ag\u00eancias da Previd\u00eancia<\/strong><\/em><\/p>\n<p>A Secretaria n\u00e3o tem dados regionais, no momento. Os peritos m\u00e9dicos, de acordo com a nota, fizeram, at\u00e9 \u00e0s 9h45 da manh\u00e3, 1.071 per\u00edcias presenciais. &#8220;Esses atendimentos ocorreram em 86 ag\u00eancias com Per\u00edcia M\u00e9dica, das 148 que j\u00e1 estavam com a agenda para hoje. A partir de amanh\u00e3 (23\/9), 201 ag\u00eancias ter\u00e3o per\u00edcias agendadas. O total, portanto, de ag\u00eancias aptas \u00e9 201. H\u00e1 486 peritos que deveriam ter retornado ao trabalho nesta ter\u00e7a-feira&#8221;, afirma.<\/p>\n<p>O advogado Ruslan Stuchi, s\u00f3cio da Advocacia Stuchi, destaca que o atendimento presencial deve ter tr\u00eas barreiras para evitar a aglomera\u00e7\u00e3o em tempos de pandemia. &#8220;Primeiro, o atendimento ser\u00e1 exclusivo para quem fizer agendamento &#8211; os trabalhadores e trabalhadoras podem marcar dia e hora acessando o site Meu INSS, o aplicativo ou ligando para o n\u00famero 135. Segundo, o tempo de funcionamento das ag\u00eancias da Previd\u00eancia ser\u00e1 parcial, de seis horas cont\u00ednuas. E, por fim, as ag\u00eancias sem condi\u00e7\u00f5es de seguran\u00e7a para servidores e segurados n\u00e3o ser\u00e3o reabertas&#8221;, explica.<\/p>\n<p>O especialista lembra que o INSS informou que s\u00f3 ser\u00e3o atendidos segurados com agendamento pr\u00e9vio, que deve ser feito pelo &#8220;Meu INSS&#8221; ou pelo telefone 135. Enquanto a fila de pedidos de per\u00edcia m\u00e9dica cresce, as solicita\u00e7\u00f5es de aposentadoria, pens\u00e3o por morte e sal\u00e1rio-maternidade continuam sendo feitas remotamente. A prova de vida est\u00e1 suspensa at\u00e9 30 de setembro.\u00a0 Quem for \u00e0s ag\u00eancias dever\u00e1 usar m\u00e1scaras e ser\u00e1 ter\u00e1 sua temperatura medida antes de entrar no local.<\/p>\n<p>Jo\u00e3o Badari, especialista em Direito Previdenci\u00e1rio e s\u00f3cio do Aith, Badari e Luchin Advogados, lembra que os segurados que moram a mais de 70 km da ag\u00eancia mais pr\u00f3xima que foi reaberta n\u00e3o precisam ir ao atendimento presencial. &#8220;Poder\u00e3o continuar com o atendimento remoto, tanto para pedidos de benef\u00edcios, acompanhamento ou atendimento de exig\u00eancias. Contudo, aqueles que moram a menos de 70 km de uma ag\u00eancia que est\u00e1 atendendo ter\u00e3o que ir se o INSS, por exemplo, solicitou um cumprimento de exig\u00eancia. Mas se n\u00e3o solicitar um documento original para essa exig\u00eancia, os segurados podem enviar a documenta\u00e7\u00e3o por meio remoto ou depositar em urnas na frente das ag\u00eancias&#8221;, aconselha.<\/p>\n<p>Ruslan Stuchi destaca que a per\u00edcia m\u00e9dica \u00e9 uma etapa obrigat\u00f3ria para a concess\u00e3o ou prorroga\u00e7\u00e3o de alguns benef\u00edcios do INSS. Entre eles: aux\u00edlio-doen\u00e7a, aux\u00edlio-acidente e aposentadoria por invalidez. &#8220;Por lei, esses benef\u00edcios s\u00e3o concedidos ou renovados aos segurados ap\u00f3s avalia\u00e7\u00e3o m\u00e9dica, Vale lembrar que esta per\u00edcia est\u00e1 sendo em fun\u00e7\u00e3o de comprovar a incapacidade laborativa tempor\u00e1ria ou permanente decorrente de uma doen\u00e7a ou acidente&#8221;, diz o especialista.<\/p>\n","protected":false},"excerpt":{"rendered":"<p>Por meio de nota, a Secretaria Especial de Previd\u00eancia e Trabalho e o Instituto Nacional do Seguro Social INSS)) informaram que, nesta ter\u00e7a-feira (22), 202 peritos m\u00e9dicos federais, dos 486 que deveriam retornar, compareceram aos seus postos de trabalho nas ag\u00eancias da Previd\u00eancia A Secretaria n\u00e3o tem dados regionais, no momento. Os peritos m\u00e9dicos, de acordo com a nota, fizeram, [&hellip;]<\/p>\n","protected":false},"author":27,"featured_media":17603,"comment_status":"open","ping_status":"closed","sticky":false,"template":"","format":"standard","meta":{"footnotes":""},"categories":[2719],"tags":[1527,18234,551,11,12434,504,18208,1788,7472,14881,261],"class_list":["post-17753","post","type-post","status-publish","format-standard","has-post-thumbnail","hentry","category-servidor","tag-agenda","tag-agerncia","tag-atendimento","tag-inss","tag-meu-inss","tag-peritos","tag-peritos-medicos-federais","tag-presencial","tag-remoto","tag-secretaria-especial-de-previdencia-e-trabalho","tag-trabalho"],"_links":{"self":[{"href":"https:\/\/blogs.correiobraziliense.com.br\/servidor\/wp-json\/wp\/v2\/posts\/17753","targetHints":{"allow":["GET"]}}],"collection":[{"href":"https:\/\/blogs.correiobraziliense.com.br\/servidor\/wp-json\/wp\/v2\/posts"}],"about":[{"href":"https:\/\/blogs.correiobraziliense.com.br\/servidor\/wp-json\/wp\/v2\/types\/post"}],"author":[{"embeddable":true,"href":"https:\/\/blogs.correiobraziliense.com.br\/servidor\/wp-json\/wp\/v2\/users\/27"}],"replies":[{"embeddable":true,"href":"https:\/\/blogs.correiobraziliense.com.br\/servidor\/wp-json\/wp\/v2\/comments?post=17753"}],"version-history":[{"count":3,"href":"https:\/\/blogs.correiobraziliense.com.br\/servidor\/wp-json\/wp\/v2\/posts\/17753\/revisions"}],"predecessor-version":[{"id":17755,"href":"https:\/\/blogs.correiobraziliense.com.br\/servidor\/wp-json\/wp\/v2\/posts\/17753\/revisions\/17755"}],"wp:featuredmedia":[{"embeddable":true,"href":"https:\/\/blogs.correiobraziliense.com.br\/servidor\/wp-json\/wp\/v2\/media\/17603"}],"wp:attachment":[{"href":"https:\/\/blogs.correiobraziliense.com.br\/servidor\/wp-json\/wp\/v2\/media?parent=17753"}],"wp:term":[{"taxonomy":"category","embeddable":true,"href":"https:\/\/blogs.correiobraziliense.com.br\/servidor\/wp-json\/wp\/v2\/categories?post=17753"},{"taxonomy":"post_tag","embeddable":true,"href":"https:\/\/blogs.correiobraziliense.com.br\/servidor\/wp-json\/wp\/v2\/tags?post=17753"}],"curies":[{"name":"wp","href":"https:\/\/api.w.org\/{rel}","templated":true}]}}