{"id":17749,"date":"2020-09-21T23:21:15","date_gmt":"2020-09-22T02:21:15","guid":{"rendered":"https:\/\/blogs.correiobraziliense.com.br\/servidor\/?p=17749"},"modified":"2020-09-21T21:26:40","modified_gmt":"2020-09-22T00:26:40","slug":"waldery-cai-para-cima-dizem-tecnicos-do-me","status":"publish","type":"post","link":"https:\/\/blogs.correiobraziliense.com.br\/servidor\/waldery-cai-para-cima-dizem-tecnicos-do-me\/","title":{"rendered":"Waldery &#8220;cai para cima&#8221;, dizem t\u00e9cnicos do ME"},"content":{"rendered":"<p><em><strong>Segundo fontes do Minist\u00e9rio da Economia, o secret\u00e1rio especial de Fazenda, Waldery Rodrigues, ter\u00e1 uma &#8220;sa\u00edda honrosa, para uma representa\u00e7\u00e3o internacional&#8221;<\/strong><\/em><\/p>\n<p>A segunda-feira foi um dia intenso no Minist\u00e9rio da Economia. Segundo fontes do \u00f3rg\u00e3o, o clima ficou pesado, com ofensas pessoais e amea\u00e7as m\u00fatuas de vazamentos e investiga\u00e7\u00f5es de fraudes e da vida pret\u00e9rita entre candidatos \u00e0 vaga de Waldery Rodrigues na Secretaria Especial de Fazenda do Minist\u00e9rio da Economia. A disputa teve at\u00e9, afirmam, a interfer\u00eancia dos filhos do presidente Jair Bolsonaro, que queriam tamb\u00e9m indicar um predileto. No final, o ministro da Economia, Paulo Guedes, ressurgiu das cinzas mais uma vez. Ganhou a prerrogativa de escolher seu auxiliar, cujo nome ainda n\u00e3o foi revelado.<\/p>\n<p>Quanto a Waldery, os boatos de corredores d\u00e3o conta de que ele j\u00e1 \u00e9 visto como ex-secret\u00e1rio. \u201cMas vai cair para cima. Est\u00e3o preparando uma sa\u00edda honrosa, para uma representa\u00e7\u00e3o internacional, como Banco Interamericano de Desenvolvimento (BID), por exemplo. E Guedes vai aproveitar para fazer outras mudan\u00e7as no minist\u00e9rio. Tem muita gente querendo sair e alguns poucos querendo entrar\u201d, refor\u00e7a. Mas a ferrenha disputa pelo cargo, ironizam, n\u00e3o \u00e9 pelo bem p\u00fablico. \u201cEst\u00e3o brigando pelo pote de ouro no fim do arco-\u00edris. E por isso, eles vendem at\u00e9 a m\u00e3e\u201d, salienta outro funcion\u00e1rio.<\/p>\n<p>Esse \u201cpote\u201d exige sofisticada estrat\u00e9gia: conseguir uma vaga no Minist\u00e9rio da Economia, se aproximar dos agente de mercado e em seguida ir para um banco privado com sal\u00e1rio de mais de R$ 300 mil por m\u00eas. Qualquer institui\u00e7\u00e3o financeira vale mais \u00e0 pena, apesar dos polpudos jetons. Em 2019, at\u00e9 outubro, autoridades que ganham em m\u00e9dia R$ 32 mil, embolsaram at\u00e9 R$ 189 mil somente dessas benesses em conselhos e diretorias de empresas estatais. \u201cAli\u00e1s, \u00e9 bom deixar claro que Guedes n\u00e3o deixa o minist\u00e9rio, apesar das ofensas e altera\u00e7\u00f5es de humor do presidente, n\u00e3o \u00e9 por apego ao cargo, como dizem por a\u00ed. \u00c9 porque o cargo n\u00e3o \u00e9 dele. \u00c9 do mercado financeiro e ele n\u00e3o pode sair\u201d, ironizou um terceiro informante.<\/p>\n<p>A disputa segue acirrada entre os mais cotados: secret\u00e1rios Carlos da Costa e Adolfo Sachsida, secret\u00e1rio Especial de Produtividade, Emprego e Competitividade e secret\u00e1rio de Pol\u00edtica Econ\u00f4mica. N\u00e3o menos importantes, surgem outros tr\u00eas postulantes: Esteves Colnago, assessor especial de Paulo Guedes e ex-secret\u00e1rio especial adjunto de Fazenda de Waldery, e \u00a0Jeferson Bittencourt, tamb\u00e9m assessor especial de Guedes e ex-adjunto da Fazenda de Waldery, al\u00e9m de Bruno Funchal, secret\u00e1rio do Tesouro Nacional. \u201cAt\u00e9 tudo ficar resolvido, outros surgir\u00e3o. Mas dizem que Guedes j\u00e1 tem um nome na manga\u201d, garantiu a fonte.<\/p>\n","protected":false},"excerpt":{"rendered":"<p>Segundo fontes do Minist\u00e9rio da Economia, o secret\u00e1rio especial de Fazenda, Waldery Rodrigues, ter\u00e1 uma &#8220;sa\u00edda honrosa, para uma representa\u00e7\u00e3o internacional&#8221; A segunda-feira foi um dia intenso no Minist\u00e9rio da Economia. Segundo fontes do \u00f3rg\u00e3o, o clima ficou pesado, com ofensas pessoais e amea\u00e7as m\u00fatuas de vazamentos e investiga\u00e7\u00f5es de fraudes e da vida pret\u00e9rita entre candidatos \u00e0 vaga de [&hellip;]<\/p>\n","protected":false},"author":27,"featured_media":0,"comment_status":"open","ping_status":"closed","sticky":false,"template":"","format":"standard","meta":{"footnotes":""},"categories":[2719],"tags":[3787,2756,178,300,10294,18233,2407,1727,302,1011,17721,1071,1456,8448,489,10668,14327,14501,962,4684,643,807,421,6089,18232],"class_list":["post-17749","post","type-post","status-publish","format-standard","hentry","category-servidor","tag-banco","tag-boatos","tag-candidatos","tag-cargo","tag-concorrentes","tag-corredores","tag-disputa","tag-estatais","tag-fazenda","tag-fraudes","tag-instituicao-financeira","tag-internacional","tag-investigacoes","tag-jetons","tag-mercado","tag-mercado-financeiro","tag-ministerio-da-economia","tag-paulo-guedes","tag-privado","tag-representacao","tag-salario","tag-secretario","tag-vaga","tag-vazamentos","tag-waldery-rodrigues"],"_links":{"self":[{"href":"https:\/\/blogs.correiobraziliense.com.br\/servidor\/wp-json\/wp\/v2\/posts\/17749","targetHints":{"allow":["GET"]}}],"collection":[{"href":"https:\/\/blogs.correiobraziliense.com.br\/servidor\/wp-json\/wp\/v2\/posts"}],"about":[{"href":"https:\/\/blogs.correiobraziliense.com.br\/servidor\/wp-json\/wp\/v2\/types\/post"}],"author":[{"embeddable":true,"href":"https:\/\/blogs.correiobraziliense.com.br\/servidor\/wp-json\/wp\/v2\/users\/27"}],"replies":[{"embeddable":true,"href":"https:\/\/blogs.correiobraziliense.com.br\/servidor\/wp-json\/wp\/v2\/comments?post=17749"}],"version-history":[{"count":1,"href":"https:\/\/blogs.correiobraziliense.com.br\/servidor\/wp-json\/wp\/v2\/posts\/17749\/revisions"}],"predecessor-version":[{"id":17750,"href":"https:\/\/blogs.correiobraziliense.com.br\/servidor\/wp-json\/wp\/v2\/posts\/17749\/revisions\/17750"}],"wp:attachment":[{"href":"https:\/\/blogs.correiobraziliense.com.br\/servidor\/wp-json\/wp\/v2\/media?parent=17749"}],"wp:term":[{"taxonomy":"category","embeddable":true,"href":"https:\/\/blogs.correiobraziliense.com.br\/servidor\/wp-json\/wp\/v2\/categories?post=17749"},{"taxonomy":"post_tag","embeddable":true,"href":"https:\/\/blogs.correiobraziliense.com.br\/servidor\/wp-json\/wp\/v2\/tags?post=17749"}],"curies":[{"name":"wp","href":"https:\/\/api.w.org\/{rel}","templated":true}]}}