{"id":17741,"date":"2020-09-21T20:19:49","date_gmt":"2020-09-21T23:19:49","guid":{"rendered":"https:\/\/blogs.correiobraziliense.com.br\/servidor\/?p=17741"},"modified":"2020-09-21T20:21:24","modified_gmt":"2020-09-21T23:21:24","slug":"fentect-orienta-trabalhadores-dos-correios-a-manter-greve-geral-contra-retirada-de-direitos","status":"publish","type":"post","link":"https:\/\/blogs.correiobraziliense.com.br\/servidor\/fentect-orienta-trabalhadores-dos-correios-a-manter-greve-geral-contra-retirada-de-direitos\/","title":{"rendered":"Fentect orienta trabalhadores dos Correios a manter greve geral &#8220;contra retirada de direitos&#8221;"},"content":{"rendered":"<p><em><strong>A Federa\u00e7\u00e3o Nacional dos Trabalhadores em Empresas de Correios, Tel\u00e9grafos e Similares (Fentect) recusa determina\u00e7\u00e3o da Justi\u00e7a e orienta entidades filiadas a manter a greve, alegando que o governo usou o TST para retirar conquistas de mais de 35 anos, e depois vai privatizar a empresa e demitir, prejudicando o sustento &#8220;de milhares de fam\u00edlias&#8221;<\/strong><\/em><\/p>\n<p>&#8220;Orientamos para que todos os Sindicatos fa\u00e7am suas assembleias amanh\u00e3 (22\/09), e que deliberem pela\u00a0continuidade da greve. \u00c9 importante que os trabalhadores e trabalhadoras que se deslocaram em\u00a0caravanas para Bras\u00edlia estejam presentes nas assembleias em seus Estados para decidirem em conjunto a\u00a0continuidade do movimento paredista&#8221;, informa a Fentect.<\/p>\n<p>Veja a nota:<\/p>\n<p>&#8220;AOS SINDICATOS FILIADOS.<br \/>\nA TODOS OS TRABALHADORES (AS) ECETISTAS DO BRASIL.<br \/>\nCompanheiros e Companheiras,<br \/>\nA Dire\u00e7\u00e3o da Federa\u00e7\u00e3o Nacional dos Trabalhadores em Empresas de Correios e Tel\u00e9grafos e Similares \u2013\u00a0FENTECT, conclama todos os trabalhadores e trabalhadoras do Pa\u00eds a se manterem firmes na greve\u00a0diante dos ataques do governo, que usou o Tribunal Superior do Trabalho &#8211; TST para atacar os nossos\u00a0direitos. O julgamento ocorrido no dia de hoje (21\/09) retirou absolutamente tudo que foi conquistado\u00a0pela categoria ao longo de mais de 35 anos de luta.<\/p>\n<p>N\u00e3o podemos permitir esse ataque, que representa a retirada de at\u00e9 40% da remunera\u00e7\u00e3o dos<br \/>\ntrabalhadores em meio \u00e0 pandemia que assola todo o mundo. Uma atitude covarde que os trabalhadores e\u00a0trabalhadoras n\u00e3o v\u00e3o aceitar, pois a luta \u00e9 pelo sustento das milhares de fam\u00edlias que dependem dessa\u00a0remunera\u00e7\u00e3o.<\/p>\n<p>Orientamos para que todos os Sindicatos fa\u00e7am suas assembleias amanh\u00e3 (22\/09), e que deliberem pela\u00a0continuidade da greve. \u00c9 importante que os trabalhadores e trabalhadoras que se deslocaram em\u00a0caravanas para Bras\u00edlia estejam presentes nas assembleias em seus Estados para decidirem em conjunto a\u00a0continuidade do movimento paredista.<\/p>\n<p>Os Sindicatos das bases de Rio de Janeiro e S\u00e3o Paulo, que j\u00e1 marcaram suas assembleias para o dia de\u00a0hoje (21\/09), precisam reafirmar a continuidade da greve diante dos ataques. Neste momento essas bases\u00a0n\u00e3o podem recuar diante do ataque do Governo Federal, que certamente vai privatizar a Empresa e\u00a0demitir milhares de pais e m\u00e3es de fam\u00edlia se perdermos essa batalha. Qualquer recuo isolado por parte de\u00a0qualquer dire\u00e7\u00e3o sindical neste momento significaria a entrega da categoria nas m\u00e3os dos patr\u00f5es, o que\u00a0n\u00e3o podemos permitir que aconte\u00e7a.<\/p>\n<p>Desta forma, a dire\u00e7\u00e3o nacional da FENTECT conclama todos os trabalhadores e trabalhadoras dos<br \/>\nCorreios a continuarem a greve e permanecerem firmes na luta em defesa do sustento das suas fam\u00edlias. A\u00a0manuten\u00e7\u00e3o dos nossos direitos e empregos depende da unidade dos trabalhadores de todo o Brasil.\u00a0Devemos manter os piquetes para que possamos, de conjunto, ampliar ainda mais esta que \u00e9 a maior\u00a0greve da hist\u00f3ria, desde 1985.<\/p>\n<p>Assembleias no dia 22\/09 para todo o Pa\u00eds, com delibera\u00e7\u00e3o de continuidade da greve!<\/p>\n<p>N\u00e3o \u00e0 retirada de direitos e dos empregos!<br \/>\nN\u00e3o \u00e0 privatiza\u00e7\u00e3o dos Correios!<br \/>\nSauda\u00e7\u00f5es Sindicais,<\/p>\n<p>Jos\u00e9 Rivaldo da Silva<br \/>\nSecret\u00e1rio Geral &#8211; FENTECT<br \/>\nGeraldo Francisco Rodrigues Emerson Marcelo G. Marinho Andr\u00e9 Luiz Moreira<br \/>\nSec. De Adm.e Finan\u00e7as &#8211; FENTECT Sec. de Imp. e Divulga\u00e7\u00e3o &#8211; FENTECT Sec. de Sa\u00fade do Trab. &#8211;<br \/>\nFENTECT<br \/>\nFischer Marcelo M. Santos Amanda Gomes Corcino William Castro de Oliveira<br \/>\nSec. De Ass. Previdenci\u00e1rios &#8211; FENTECT Secret\u00e1ria da Mulher &#8211; FENTECT Secret\u00e1ria de Anistia- FENTECT<br \/>\nLucila Pereira Correia Paulo Andr\u00e9 N. da Silva Robson Gomes da Silva<br \/>\nSecret\u00e1ria de Ass. Raciais- FENTECT Sec. de Forma\u00e7\u00e3o Sindical -FENTECT Sec. de Assuntos Jur\u00eddicos-FENTECT<br \/>\nCarlos Clei Tom\u00e1s da Silva M\u00e1rcio Ces\u00e1rio Telles Marcos Cezar Cevada<br \/>\nSec. de Pol\u00edtica Sindical &#8211; FENTECT Sec. de G\u00eanero e Divers. &#8211; FENTECT Sec. de Aposentados \u2013 FENTECT<br \/>\nHalisson Ten\u00f3rio Pereira Evandro Leonir da Silva Rog\u00e9rio Ferreira Ubine<br \/>\nSec. de Ass. Socioecon\u00f4micos &#8211; FENTECT Sec. de Habita\u00e7\u00e3o &#8211; FENTECT Sec. de Rel. Internac. \u2013 FENTECT<br \/>\nManoel de Almeida Santana Edson Fl\u00e1vio da Silva Emerson V. da Silva<br \/>\nSec. Norte e Nordeste &#8211; FENTECT Secret\u00e1rio de Ass. Postais &#8211; FENTECT Sec. Leg. e S. da Mulher \u2013 FENTECT<br \/>\nMois\u00e9s Gon\u00e7alves da Silva Heitor Fernandes Filho Paulo Cesar Almeida<br \/>\nSec. de S\u00e3o Paulo \u2013 FENTECT Sec. Do Rio de Janeiro &#8211; FENTECT Suplente da Diretoria- ENTECT<br \/>\nOs\u00e9ias dos Santos Vieira Joel Arcanjo Pinto Jos\u00e9 Gon\u00e7alves de Almeida<br \/>\nSuplente da Diretoria- ENTECT Suplente da Diretoria- ENTECT Suplente da Diretoria- ENTECT<br \/>\nEvanildo Querino Ramos<br \/>\nSuplente da Diretoria- ENTECT&#8221;<\/p>\n","protected":false},"excerpt":{"rendered":"<p>A Federa\u00e7\u00e3o Nacional dos Trabalhadores em Empresas de Correios, Tel\u00e9grafos e Similares (Fentect) recusa determina\u00e7\u00e3o da Justi\u00e7a e orienta entidades filiadas a manter a greve, alegando que o governo usou o TST para retirar conquistas de mais de 35 anos, e depois vai privatizar a empresa e demitir, prejudicando o sustento &#8220;de milhares de fam\u00edlias&#8221; &#8220;Orientamos para que todos os [&hellip;]<\/p>\n","protected":false},"author":27,"featured_media":0,"comment_status":"open","ping_status":"closed","sticky":false,"template":"","format":"standard","meta":{"footnotes":""},"categories":[2719],"tags":[9338,7313,20,18231,4898,18230,1341,98,15,260,540,17255,8810,1001,1620,3801,19,503],"class_list":["post-17741","post","type-post","status-publish","format-standard","hentry","category-servidor","tag-caravanas","tag-conquistas","tag-correios","tag-ecetistas","tag-familias","tag-feentect","tag-funcionarios","tag-governo","tag-greve","tag-justica","tag-movimento","tag-pandemia","tag-paredista","tag-privatizacao","tag-remuneracao","tag-sindicatos","tag-trabalhadores","tag-tst"],"_links":{"self":[{"href":"https:\/\/blogs.correiobraziliense.com.br\/servidor\/wp-json\/wp\/v2\/posts\/17741","targetHints":{"allow":["GET"]}}],"collection":[{"href":"https:\/\/blogs.correiobraziliense.com.br\/servidor\/wp-json\/wp\/v2\/posts"}],"about":[{"href":"https:\/\/blogs.correiobraziliense.com.br\/servidor\/wp-json\/wp\/v2\/types\/post"}],"author":[{"embeddable":true,"href":"https:\/\/blogs.correiobraziliense.com.br\/servidor\/wp-json\/wp\/v2\/users\/27"}],"replies":[{"embeddable":true,"href":"https:\/\/blogs.correiobraziliense.com.br\/servidor\/wp-json\/wp\/v2\/comments?post=17741"}],"version-history":[{"count":2,"href":"https:\/\/blogs.correiobraziliense.com.br\/servidor\/wp-json\/wp\/v2\/posts\/17741\/revisions"}],"predecessor-version":[{"id":17743,"href":"https:\/\/blogs.correiobraziliense.com.br\/servidor\/wp-json\/wp\/v2\/posts\/17741\/revisions\/17743"}],"wp:attachment":[{"href":"https:\/\/blogs.correiobraziliense.com.br\/servidor\/wp-json\/wp\/v2\/media?parent=17741"}],"wp:term":[{"taxonomy":"category","embeddable":true,"href":"https:\/\/blogs.correiobraziliense.com.br\/servidor\/wp-json\/wp\/v2\/categories?post=17741"},{"taxonomy":"post_tag","embeddable":true,"href":"https:\/\/blogs.correiobraziliense.com.br\/servidor\/wp-json\/wp\/v2\/tags?post=17741"}],"curies":[{"name":"wp","href":"https:\/\/api.w.org\/{rel}","templated":true}]}}