{"id":1774,"date":"2016-06-02T16:21:12","date_gmt":"2016-06-02T19:21:12","guid":{"rendered":"https:\/\/blogs.correiobraziliense.com.br\/servidor\/?p=1774"},"modified":"2016-06-02T16:21:12","modified_gmt":"2016-06-02T19:21:12","slug":"senado-aprova-pec-dos-precatorios-sem-utilizacao-de-depositos-judiciais-trabalhistas","status":"publish","type":"post","link":"https:\/\/blogs.correiobraziliense.com.br\/servidor\/senado-aprova-pec-dos-precatorios-sem-utilizacao-de-depositos-judiciais-trabalhistas\/","title":{"rendered":"SENADO APROVA PEC DOS PRECAT\u00d3RIOS SEM UTILIZA\u00c7\u00c3O DE DEP\u00d3SITOS JUDICIAIS TRABALHISTAS"},"content":{"rendered":"<p><em>A nova reda\u00e7\u00e3o, proposta pelo senador Randolfe Rodrigues (Rede-AP), atende as reivindica\u00e7\u00f5es do presidente do Conselho Superior da Justi\u00e7a do Trabalho (CSJT), ministro Ives Gandra Martins Filho.<\/em><\/p>\n<p>O Plen\u00e1rio do Senado aprovou ontem (1\u00ba), em primeiro turno, a Proposta de Emenda \u00e0 Constitui\u00e7\u00e3o (PEC)\u00a0<a href=\"http:\/\/www25.senado.leg.br\/web\/atividade\/materias\/-\/materia\/124476\" target=\"_blank\">159\/2015<\/a>, batizada de PEC dos Precat\u00f3rios. O relator da medida, senador Antonio Anastasia, excluiu da proposta a possibilidade de usar para pagamento de precat\u00f3rios os valores de dep\u00f3sitos judiciais destinados \u00e0 Justi\u00e7a Federal e a cr\u00e9ditos de natureza aliment\u00edcia e trabalhista. A emenda, que j\u00e1 havia sido aprovada em sess\u00e3o anterior, foi mantida pelo plen\u00e1rio.<\/p>\n<p>\u201cOs cr\u00e9ditos trabalhistas devem ser quitados com absoluta prefer\u00eancia em rela\u00e7\u00e3o a cr\u00e9ditos de natureza comum. Logo, n\u00e3o faz qualquer sentido que, indiretamente, o novo modelo permitisse que dep\u00f3sitos recursais na Justi\u00e7a do Trabalho &#8211; feitos por empregadores e demais r\u00e9us como pressuposto processual objetivo para a interposi\u00e7\u00e3o de recursos, e que servem exatamente para assegurar a exequibilidade dos cr\u00e9ditos trabalhistas em sede de execu\u00e7\u00e3o &#8211; possam ser &#8220;esvaziados&#8221;, em at\u00e9 40%, para a quita\u00e7\u00e3o antecipada de cr\u00e9ditos do \u00f3rg\u00e3o p\u00fablico da localidade,\u201d justifica o autor da emenda que deu nova reda\u00e7\u00e3o \u00e0 proposta, senador Randolfe Rodrigues (Rede-AP).<\/p>\n<p><b>Vota\u00e7\u00e3o no Senado<\/b><u><\/u><u><\/u><\/p>\n<p>Foram 51 votos a favor e 14 contr\u00e1rios. O presidente do Senado Federal, Renan Calheiros anunciou que o segundo turno de vota\u00e7\u00e3o vai ocorrer na pr\u00f3xima ter\u00e7a-feira (7).<u><\/u><u><\/u><\/p>\n<p>A PEC tamb\u00e9m estabelece que os precat\u00f3rios a cargo de estados e munic\u00edpios pendentes at\u00e9 25 de mar\u00e7o de 2015 e os a vencer at\u00e9 31 de dezembro de 2020 poder\u00e3o ser pagos at\u00e9 2020 dentro de um regime especial que permite o aporte de recursos limitados a 1\/12 da receita corrente l\u00edquida.<u><\/u><u><\/u><\/p>\n<p>A vota\u00e7\u00e3o da PEC havia sido\u00a0<a href=\"http:\/\/www12.senado.leg.br\/noticias\/materias\/2016\/05\/19\/baixo-quorum-interrompe-votacao-de-pec-com-novas-regras-para-quitacao-de-precatorios\" target=\"_blank\">iniciada<\/a>\u00a0no dia 18 de maio, mas acabou suspensa em raz\u00e3o da falta de qu\u00f3rum para aprova\u00e7\u00e3o da mat\u00e9ria \u2013 \u00e9 necess\u00e1rio um m\u00ednimo de 49 votos.<u><\/u><u><\/u><\/p>\n<p>A proposta prev\u00ea a possibilidade do uso, no pagamento de precat\u00f3rios, de at\u00e9 75% do montante dos dep\u00f3sitos judiciais e administrativos referentes a processos nos quais estados ou munic\u00edpios sejam parte. Conforme levantamento realizado pelo Conselho Nacional de Justi\u00e7a (CNJ), os tr\u00eas entes p\u00fablicos acumulavam em junho de 2014 uma d\u00edvida de R$ 97,3 bilh\u00f5es em precat\u00f3rios emitidos pelas Justi\u00e7as estadual, federal e trabalhista.<u><\/u><u><\/u><\/p>\n<p>O relator, Antonio Anastasia (PSDB-MG), acatou emenda de Randolfe Rodrigues (Rede-AP) que reduz de 40% para 20% o percentual dos dep\u00f3sitos judiciais destinados \u00e0 quita\u00e7\u00e3o envolvendo partes privadas \u2014 das quais o poder p\u00fablico n\u00e3o faz parte. A utiliza\u00e7\u00e3o dos cr\u00e9ditos dever\u00e1 ser precedida da cria\u00e7\u00e3o de um fundo garantidor, composto pela parcela restante dos dep\u00f3sitos judiciais.<u><\/u><u><\/u><\/p>\n<p>Anastasia tamb\u00e9m excluiu da proposta a possibilidade de usar para pagamento de precat\u00f3rios os valores de dep\u00f3sitos judiciais destinados \u00e0 Justi\u00e7a Federal e a cr\u00e9ditos de natureza aliment\u00edcia e trabalhista.<u><\/u><u><\/u><\/p>\n<h3>Pol\u00eamica<u><\/u><u><\/u><\/h3>\n<p>Vanessa Grazziotin (PCdoB-AM) se disse preocupada com uso desses dep\u00f3sitos. Ela, no entanto, apoiou a mat\u00e9ria \u201cpara contribuir com os prefeitos e os governadores\u201d. Simone Tebet (PMDB-MS) tamb\u00e9m anunciou voto favor\u00e1vel, mas disse ter d\u00favidas em rela\u00e7\u00e3o aos dep\u00f3sitos privados. Na mesma linha, Waldemir Moka (PMDB-MS) alertou sobre a possibilidade de o uso dos dep\u00f3sitos privados serem questionados no STF.<u><\/u><u><\/u><\/p>\n<p>J\u00e1 Wellington Fagundes (PR-MT) condenou o uso do dep\u00f3sito privado em gastos p\u00fablicos. Ivo Cassol (PP-RO) tamb\u00e9m se manifestou contr\u00e1rio \u00e0 PEC, criticando o uso de dinheiro privado.<u><\/u><u><\/u><\/p>\n<p>Por outro lado, o l\u00edder do governo, Aloysio Nunes Ferreira (PSDB-SP), disse que a redu\u00e7\u00e3o do percentual colaborou para o amplo apoio \u00e0 proposta.<u><\/u><u><\/u><\/p>\n<p>\u2014 Esta PEC atende a reivindica\u00e7\u00e3o de v\u00e1rios governadores e pode ajudar em um momento de crise \u2014 disse Aloysio.<u><\/u><u><\/u><\/p>\n<h3>Pagamentos<u><\/u><u><\/u><\/h3>\n<p>Durante o prazo previsto na PEC, pelo menos 50% dos recursos destinados aos precat\u00f3rios servir\u00e3o para o pagamento dessas d\u00edvidas em ordem cronol\u00f3gica de apresenta\u00e7\u00e3o. A exce\u00e7\u00e3o a essa ordem \u00e9 a prefer\u00eancia para os precat\u00f3rios relacionados a cr\u00e9ditos alimentares quando os benefici\u00e1rios tiverem 60 anos ou mais, forem portadores de doen\u00e7a grave ou pessoas com defici\u00eancia.<u><\/u><u><\/u><\/p>\n<p>Os outros 50% dos recursos, durante os cinco anos do regime especial de pagamento, poder\u00e3o ser usados para a negocia\u00e7\u00e3o de acordos com os credores, com redu\u00e7\u00e3o m\u00e1xima de 40% do valor a receber, desde que n\u00e3o haja recurso pendente.<\/p>\n","protected":false},"excerpt":{"rendered":"<p>A nova reda\u00e7\u00e3o, proposta pelo senador Randolfe Rodrigues (Rede-AP), atende as reivindica\u00e7\u00f5es do presidente do Conselho Superior da Justi\u00e7a do Trabalho (CSJT), ministro Ives Gandra Martins Filho. O Plen\u00e1rio do Senado aprovou ontem (1\u00ba), em primeiro turno, a Proposta de Emenda \u00e0 Constitui\u00e7\u00e3o (PEC)\u00a0159\/2015, batizada de PEC dos Precat\u00f3rios. O relator da medida, senador Antonio Anastasia, excluiu da proposta a [&hellip;]<\/p>\n","protected":false},"author":27,"featured_media":0,"comment_status":"open","ping_status":"closed","sticky":false,"template":"","format":"standard","meta":{"footnotes":""},"categories":[1],"tags":[1566,254,2085,2084,2086,2087,2083,640,696,408,503,684],"class_list":["post-1774","post","type-post","status-publish","format-standard","hentry","category-sem-categoria","tag-aprova","tag-cnj","tag-depositos","tag-exclui","tag-judiciais","tag-pec-1592015","tag-pec-dos-precatorios","tag-polemica","tag-senado","tag-trabalhistas","tag-tst","tag-utilizacao"],"_links":{"self":[{"href":"https:\/\/blogs.correiobraziliense.com.br\/servidor\/wp-json\/wp\/v2\/posts\/1774","targetHints":{"allow":["GET"]}}],"collection":[{"href":"https:\/\/blogs.correiobraziliense.com.br\/servidor\/wp-json\/wp\/v2\/posts"}],"about":[{"href":"https:\/\/blogs.correiobraziliense.com.br\/servidor\/wp-json\/wp\/v2\/types\/post"}],"author":[{"embeddable":true,"href":"https:\/\/blogs.correiobraziliense.com.br\/servidor\/wp-json\/wp\/v2\/users\/27"}],"replies":[{"embeddable":true,"href":"https:\/\/blogs.correiobraziliense.com.br\/servidor\/wp-json\/wp\/v2\/comments?post=1774"}],"version-history":[{"count":1,"href":"https:\/\/blogs.correiobraziliense.com.br\/servidor\/wp-json\/wp\/v2\/posts\/1774\/revisions"}],"predecessor-version":[{"id":1775,"href":"https:\/\/blogs.correiobraziliense.com.br\/servidor\/wp-json\/wp\/v2\/posts\/1774\/revisions\/1775"}],"wp:attachment":[{"href":"https:\/\/blogs.correiobraziliense.com.br\/servidor\/wp-json\/wp\/v2\/media?parent=1774"}],"wp:term":[{"taxonomy":"category","embeddable":true,"href":"https:\/\/blogs.correiobraziliense.com.br\/servidor\/wp-json\/wp\/v2\/categories?post=1774"},{"taxonomy":"post_tag","embeddable":true,"href":"https:\/\/blogs.correiobraziliense.com.br\/servidor\/wp-json\/wp\/v2\/tags?post=1774"}],"curies":[{"name":"wp","href":"https:\/\/api.w.org\/{rel}","templated":true}]}}