{"id":1772,"date":"2016-06-02T16:13:57","date_gmt":"2016-06-02T19:13:57","guid":{"rendered":"https:\/\/blogs.correiobraziliense.com.br\/servidor\/?p=1772"},"modified":"2016-06-02T16:13:57","modified_gmt":"2016-06-02T19:13:57","slug":"ana-paula-vescovi-e-nova-secretaria-do-tesouro-nacional","status":"publish","type":"post","link":"https:\/\/blogs.correiobraziliense.com.br\/servidor\/ana-paula-vescovi-e-nova-secretaria-do-tesouro-nacional\/","title":{"rendered":"ANA PAULA VESCOVI \u00c9 A NOVA SECRET\u00c1RIA DO TESOURO NACIONAL"},"content":{"rendered":"<p>O ministro da Fazenda, Henrique Meirelles, anunciou que a economista Ana Paula Vescovi assumir\u00e1 a Secretaria do Tesouro Nacional (STN) em substitui\u00e7\u00e3o a Ot\u00e1vio Ladeira, servidor de carreira da STN, que ser\u00e1 o secret\u00e1rio-adjunto.<\/p>\n<p>&nbsp;<\/p>\n<p>Ana Paula Vescovi \u00e9 mestre em Economia do Setor P\u00fablico pela Universidade de Bras\u00edlia (UnB), especialista em Pol\u00edticas P\u00fablicas e Gest\u00e3o Governamental (ENAP-DF) e mestre em Administra\u00e7\u00e3o P\u00fablica pela Funda\u00e7\u00e3o Get\u00falio Vargas (EBAP-RJ).<\/p>\n<p>&nbsp;<\/p>\n<p>A nova titular do Tesouro atuou por dez anos na Secretaria de Pol\u00edtica Econ\u00f4mica (SPE) do Minist\u00e9rio da Fazenda, onde foi secret\u00e1ria-adjunta de Macroeconomia entre 1997 e 2007.<\/p>\n","protected":false},"excerpt":{"rendered":"<p>O ministro da Fazenda, Henrique Meirelles, anunciou que a economista Ana Paula Vescovi assumir\u00e1 a Secretaria do Tesouro Nacional (STN) em substitui\u00e7\u00e3o a Ot\u00e1vio Ladeira, servidor de carreira da STN, que ser\u00e1 o secret\u00e1rio-adjunto. &nbsp; Ana Paula Vescovi \u00e9 mestre em Economia do Setor P\u00fablico pela Universidade de Bras\u00edlia (UnB), especialista em Pol\u00edticas P\u00fablicas e Gest\u00e3o Governamental (ENAP-DF) e mestre [&hellip;]<\/p>\n","protected":false},"author":27,"featured_media":0,"comment_status":"open","ping_status":"closed","sticky":false,"template":"","format":"standard","meta":{"footnotes":""},"categories":[1],"tags":[2081,806,2082,2023,593],"class_list":["post-1772","post","type-post","status-publish","format-standard","hentry","category-sem-categoria","tag-ana-paula-vescovi","tag-otavio-ladeira","tag-secretaria","tag-substituicao","tag-tesouro-nacional"],"_links":{"self":[{"href":"https:\/\/blogs.correiobraziliense.com.br\/servidor\/wp-json\/wp\/v2\/posts\/1772","targetHints":{"allow":["GET"]}}],"collection":[{"href":"https:\/\/blogs.correiobraziliense.com.br\/servidor\/wp-json\/wp\/v2\/posts"}],"about":[{"href":"https:\/\/blogs.correiobraziliense.com.br\/servidor\/wp-json\/wp\/v2\/types\/post"}],"author":[{"embeddable":true,"href":"https:\/\/blogs.correiobraziliense.com.br\/servidor\/wp-json\/wp\/v2\/users\/27"}],"replies":[{"embeddable":true,"href":"https:\/\/blogs.correiobraziliense.com.br\/servidor\/wp-json\/wp\/v2\/comments?post=1772"}],"version-history":[{"count":1,"href":"https:\/\/blogs.correiobraziliense.com.br\/servidor\/wp-json\/wp\/v2\/posts\/1772\/revisions"}],"predecessor-version":[{"id":1773,"href":"https:\/\/blogs.correiobraziliense.com.br\/servidor\/wp-json\/wp\/v2\/posts\/1772\/revisions\/1773"}],"wp:attachment":[{"href":"https:\/\/blogs.correiobraziliense.com.br\/servidor\/wp-json\/wp\/v2\/media?parent=1772"}],"wp:term":[{"taxonomy":"category","embeddable":true,"href":"https:\/\/blogs.correiobraziliense.com.br\/servidor\/wp-json\/wp\/v2\/categories?post=1772"},{"taxonomy":"post_tag","embeddable":true,"href":"https:\/\/blogs.correiobraziliense.com.br\/servidor\/wp-json\/wp\/v2\/tags?post=1772"}],"curies":[{"name":"wp","href":"https:\/\/api.w.org\/{rel}","templated":true}]}}