{"id":17716,"date":"2020-09-21T11:54:00","date_gmt":"2020-09-21T14:54:00","guid":{"rendered":"https:\/\/blogs.correiobraziliense.com.br\/servidor\/?p=17716"},"modified":"2020-09-21T11:54:00","modified_gmt":"2020-09-21T14:54:00","slug":"quanto-custa-enviar-uma-carta","status":"publish","type":"post","link":"https:\/\/blogs.correiobraziliense.com.br\/servidor\/quanto-custa-enviar-uma-carta\/","title":{"rendered":"Quanto custa enviar uma carta?"},"content":{"rendered":"<p><strong><em>No Brasil, se o caminho da privatiza\u00e7\u00e3o for seguido, n\u00e3o ser\u00e1 diferente. E, como o territ\u00f3rio \u00e9 muito maior, o pre\u00e7o tamb\u00e9m poder\u00e1 ser, onerando todos os brasileiros desnecessariamente.\u00a0Os brasileiros n\u00e3o precisam, n\u00e3o merecem e nem deveriam pagar essa conta<\/em><\/strong><\/p>\n<p><strong><em>Marcos C\u00e9sar Alves Silva*<\/em><\/strong><\/p>\n<p>A carta \u00e9 um meio de comunica\u00e7\u00e3o universal presente em todos os pa\u00edses do mundo e cada pa\u00eds estabelece o valor da respectiva tarifa em seu territ\u00f3rio.<\/p>\n<p>No Brasil, apesar de termos o 4\u00ba ou 5\u00ba maior territ\u00f3rio do mundo, praticamos uma das menores tarifas de cartas.<\/p>\n<p>Com exce\u00e7\u00e3o da R\u00fassia, que tem o maior territ\u00f3rio dentre todos os pa\u00edses e pratica uma tarifa de carta inferior \u00e0 do Brasil, todos os demais pa\u00edses que cobram menos para entregar suas cartas possuem \u00e1reas bem menores que o Brasil.<\/p>\n<p>Dentre os quase 200 pa\u00edses, o Brasil fica em 16\u00ba lugar, com sua tarifa de cartas custando 58% da praticada em Portugal e 39% da praticada na Alemanha.<\/p>\n<p>O quadro a seguir detalha essas informa\u00e7\u00f5es sobre Brasil, Portugal e Alemanha:<br \/>\n&#8211; Brasil &#8211; pre\u00e7o carta: US$ 0,3661 &#8211; territ\u00f3rio: 8.510.295 km2<br \/>\n&#8211; Portugal &#8211; pre\u00e7o carta: US$ 0,6262 &#8211; territ\u00f3rio: 92.152 km2<br \/>\n&#8211; Alemanha &#8211; pre\u00e7o carta: US$ 0,9452 &#8211; territ\u00f3rio: 356.733 km2<br \/>\nfontes: UPU e Wikipedia<\/p>\n<p>Uma das argumenta\u00e7\u00f5es usualmente utilizadas para justificar a inten\u00e7\u00e3o de privatiza\u00e7\u00e3o dos Correios ou a quebra do monop\u00f3lio postal \u00e9 diminuir os valores cobrados pelos servi\u00e7os. Todos os exemplos de correios privatizados mostram o contr\u00e1rio: ap\u00f3s a privatiza\u00e7\u00e3o ou pouco antes dessa, os pre\u00e7os postais s\u00e3o substancialmente elevados e ficam assim para o futuro.<\/p>\n<p>No Brasil, se o caminho da privatiza\u00e7\u00e3o for seguido, n\u00e3o ser\u00e1 diferente. E, como o territ\u00f3rio \u00e9 muito maior, o pre\u00e7o tamb\u00e9m poder\u00e1 ser, onerando todos os brasileiros desnecessariamente.<\/p>\n<p>Os brasileiros n\u00e3o precisam, n\u00e3o merecem e nem deveriam pagar essa conta.<\/p>\n<p><em>*Marcos C\u00e9sar Alves Silva<\/em> &#8211; Vice-presidente da\u00a0Associa\u00e7\u00e3o dos Profissionais dos Correios (ADCAP)<\/p>\n","protected":false},"excerpt":{"rendered":"<p>No Brasil, se o caminho da privatiza\u00e7\u00e3o for seguido, n\u00e3o ser\u00e1 diferente. E, como o territ\u00f3rio \u00e9 muito maior, o pre\u00e7o tamb\u00e9m poder\u00e1 ser, onerando todos os brasileiros desnecessariamente.\u00a0Os brasileiros n\u00e3o precisam, n\u00e3o merecem e nem deveriam pagar essa conta Marcos C\u00e9sar Alves Silva* A carta \u00e9 um meio de comunica\u00e7\u00e3o universal presente em todos os pa\u00edses do mundo e [&hellip;]<\/p>\n","protected":false},"author":27,"featured_media":0,"comment_status":"open","ping_status":"closed","sticky":false,"template":"","format":"standard","meta":{"footnotes":""},"categories":[2719],"tags":[4775,301,559,1638,20,9024,1001,1379,5961,8858],"class_list":["post-17716","post","type-post","status-publish","format-standard","hentry","category-servidor","tag-areas","tag-carta","tag-comunicacao","tag-conta","tag-correios","tag-monopolio","tag-privatizacao","tag-servicos","tag-tarifas","tag-territorio"],"_links":{"self":[{"href":"https:\/\/blogs.correiobraziliense.com.br\/servidor\/wp-json\/wp\/v2\/posts\/17716","targetHints":{"allow":["GET"]}}],"collection":[{"href":"https:\/\/blogs.correiobraziliense.com.br\/servidor\/wp-json\/wp\/v2\/posts"}],"about":[{"href":"https:\/\/blogs.correiobraziliense.com.br\/servidor\/wp-json\/wp\/v2\/types\/post"}],"author":[{"embeddable":true,"href":"https:\/\/blogs.correiobraziliense.com.br\/servidor\/wp-json\/wp\/v2\/users\/27"}],"replies":[{"embeddable":true,"href":"https:\/\/blogs.correiobraziliense.com.br\/servidor\/wp-json\/wp\/v2\/comments?post=17716"}],"version-history":[{"count":1,"href":"https:\/\/blogs.correiobraziliense.com.br\/servidor\/wp-json\/wp\/v2\/posts\/17716\/revisions"}],"predecessor-version":[{"id":17717,"href":"https:\/\/blogs.correiobraziliense.com.br\/servidor\/wp-json\/wp\/v2\/posts\/17716\/revisions\/17717"}],"wp:attachment":[{"href":"https:\/\/blogs.correiobraziliense.com.br\/servidor\/wp-json\/wp\/v2\/media?parent=17716"}],"wp:term":[{"taxonomy":"category","embeddable":true,"href":"https:\/\/blogs.correiobraziliense.com.br\/servidor\/wp-json\/wp\/v2\/categories?post=17716"},{"taxonomy":"post_tag","embeddable":true,"href":"https:\/\/blogs.correiobraziliense.com.br\/servidor\/wp-json\/wp\/v2\/tags?post=17716"}],"curies":[{"name":"wp","href":"https:\/\/api.w.org\/{rel}","templated":true}]}}