{"id":17714,"date":"2020-09-21T11:46:28","date_gmt":"2020-09-21T14:46:28","guid":{"rendered":"https:\/\/blogs.correiobraziliense.com.br\/servidor\/?p=17714"},"modified":"2020-09-21T11:46:28","modified_gmt":"2020-09-21T14:46:28","slug":"greve-dos-correios-sera-julgada-pelo-tst","status":"publish","type":"post","link":"https:\/\/blogs.correiobraziliense.com.br\/servidor\/greve-dos-correios-sera-julgada-pelo-tst\/","title":{"rendered":"Greve dos Correios ser\u00e1 julgada pelo TST"},"content":{"rendered":"<p><em><strong>O julgamento do diss\u00eddio dos Correios pela Sec\u00e7\u00e3o de Diss\u00eddios Coletivos do Tribunal Superior do Trabalho (TST) come\u00e7a \u00e0s 13h30, ap\u00f3s duas tentativas de negocia\u00e7\u00e3o, com transmiss\u00e3o ao vivo (<a href=\"https:\/\/www.youtube.com\/watch?v=oVXZ4-hxNIs\">https:\/\/www.youtube.com\/watch?v=oVXZ4-hxNIs<\/a>)<\/strong><\/em><\/p>\n<p>A expectativa dos trabalhadores \u00e9 que o TST mantenha as cl\u00e1usulas do ac\u00f3rd\u00e3o firmado pelo \u00f3rg\u00e3o em 2019 e que deveria valer at\u00e9 2021, segundo a Associa\u00e7\u00e3o dos Profissionais dos Correios (ADCAP). A\u00a0cl\u00e1usula de vig\u00eancia bianual do ac\u00f3rd\u00e3o do TST foi suspensa por liminar monocr\u00e1tica do ex-presidente do STF, ministro Dias Toffoli.<\/p>\n<p>Como a liminar permanece em vigor e apesar de n\u00e3o ter havido julgamento de m\u00e9rito pelo STF, os Correios entenderam que ap\u00f3s um ano de vig\u00eancia as cl\u00e1usulas do ac\u00f3rd\u00e3o teriam perdido a validade e decidiram, unilateralmente, deixar de cumprir 70 das 79 cl\u00e1usulas l\u00e1 presentes, reduzindo, assim, a remunera\u00e7\u00e3o dos trabalhadores. Diante disso, a categoria decidiu entrar em greve, relembra a ADCAP.<\/p>\n<p>A Empresa Brasileira de Correios e Tel\u00e9grafos (ECT) pede a declara\u00e7\u00e3o da abusividade da greve dos empregados, iniciada em 17 de agosto.\u00a0O julgamento foi designado pela relatora, ministra K\u00e1tia Arruda, depois de duas tentativas de solu\u00e7\u00e3o consensual para o conflito.<\/p>\n<p>Em 27 de agosto, o vice-presidente do TST, ministro Vieira de Mello Filho, se reuniu com a empresa e as entidades sindicais representantes dos empregados e prop\u00f4s a renova\u00e7\u00e3o das 79 cl\u00e1usulas vigentes, sem reajustes nas cl\u00e1usulas econ\u00f4micas. A proposta foi rejeitada pela empresa.<\/p>\n<p>Em 2 de setembro, a relatora deferiu liminar para determinar a manuten\u00e7\u00e3o de 70% dos trabalhadores em cada unidade e vedar a descontos dos dias de paralisa\u00e7\u00e3o. Em 11 de setembro, ela fez nova audi\u00eancia de concilia\u00e7\u00e3o, mas as negocia\u00e7\u00f5es n\u00e3o avan\u00e7aram.<\/p>\n","protected":false},"excerpt":{"rendered":"<p>O julgamento do diss\u00eddio dos Correios pela Sec\u00e7\u00e3o de Diss\u00eddios Coletivos do Tribunal Superior do Trabalho (TST) come\u00e7a \u00e0s 13h30, ap\u00f3s duas tentativas de negocia\u00e7\u00e3o, com transmiss\u00e3o ao vivo (https:\/\/www.youtube.com\/watch?v=oVXZ4-hxNIs) A expectativa dos trabalhadores \u00e9 que o TST mantenha as cl\u00e1usulas do ac\u00f3rd\u00e3o firmado pelo \u00f3rg\u00e3o em 2019 e que deveria valer at\u00e9 2021, segundo a Associa\u00e7\u00e3o dos Profissionais dos [&hellip;]<\/p>\n","protected":false},"author":27,"featured_media":0,"comment_status":"open","ping_status":"closed","sticky":false,"template":"","format":"standard","meta":{"footnotes":""},"categories":[2719],"tags":[5181,20,4762,414,15,503],"class_list":["post-17714","post","type-post","status-publish","format-standard","hentry","category-servidor","tag-adcap","tag-correios","tag-dissidio","tag-ect","tag-greve","tag-tst"],"_links":{"self":[{"href":"https:\/\/blogs.correiobraziliense.com.br\/servidor\/wp-json\/wp\/v2\/posts\/17714","targetHints":{"allow":["GET"]}}],"collection":[{"href":"https:\/\/blogs.correiobraziliense.com.br\/servidor\/wp-json\/wp\/v2\/posts"}],"about":[{"href":"https:\/\/blogs.correiobraziliense.com.br\/servidor\/wp-json\/wp\/v2\/types\/post"}],"author":[{"embeddable":true,"href":"https:\/\/blogs.correiobraziliense.com.br\/servidor\/wp-json\/wp\/v2\/users\/27"}],"replies":[{"embeddable":true,"href":"https:\/\/blogs.correiobraziliense.com.br\/servidor\/wp-json\/wp\/v2\/comments?post=17714"}],"version-history":[{"count":1,"href":"https:\/\/blogs.correiobraziliense.com.br\/servidor\/wp-json\/wp\/v2\/posts\/17714\/revisions"}],"predecessor-version":[{"id":17715,"href":"https:\/\/blogs.correiobraziliense.com.br\/servidor\/wp-json\/wp\/v2\/posts\/17714\/revisions\/17715"}],"wp:attachment":[{"href":"https:\/\/blogs.correiobraziliense.com.br\/servidor\/wp-json\/wp\/v2\/media?parent=17714"}],"wp:term":[{"taxonomy":"category","embeddable":true,"href":"https:\/\/blogs.correiobraziliense.com.br\/servidor\/wp-json\/wp\/v2\/categories?post=17714"},{"taxonomy":"post_tag","embeddable":true,"href":"https:\/\/blogs.correiobraziliense.com.br\/servidor\/wp-json\/wp\/v2\/tags?post=17714"}],"curies":[{"name":"wp","href":"https:\/\/api.w.org\/{rel}","templated":true}]}}