{"id":17712,"date":"2020-09-21T11:33:03","date_gmt":"2020-09-21T14:33:03","guid":{"rendered":"https:\/\/blogs.correiobraziliense.com.br\/servidor\/?p=17712"},"modified":"2020-09-21T11:33:03","modified_gmt":"2020-09-21T14:33:03","slug":"fenale-comemora-27-anos-com-evento-online-palestra-sobre-teletrabalho-e-lancamento-de-livro","status":"publish","type":"post","link":"https:\/\/blogs.correiobraziliense.com.br\/servidor\/fenale-comemora-27-anos-com-evento-online-palestra-sobre-teletrabalho-e-lancamento-de-livro\/","title":{"rendered":"Fenale comemora 27 anos com evento online, palestra sobre teletrabalho e lan\u00e7amento de livro"},"content":{"rendered":"<p><em><strong>Federa\u00e7\u00e3o Nacional dos Servidores dos Poderes Legislativos Federal, Estaduais e do Distrito Federal (Fenale) comemora 27 aos de funda\u00e7\u00e3o no\u00a0pr\u00f3ximo dia 22 de setembro, com evento online \u00e0s 15 horas <\/strong><\/em><\/p>\n<p>A festa virtual ter\u00e1 a participa\u00e7\u00e3o de sindicatos, associa\u00e7\u00f5es de assembleias legislativas estaduais e do Congresso Nacional e presen\u00e7a de parlamentares, autoridades e representantes de outras entidades do funcionalismo do pa\u00eds.<\/p>\n<p>Segundo Jos\u00e9 Eduardo Rangel, presidente da Fenale, o evento ser\u00e1 mais um marco na hist\u00f3ria da Federa\u00e7\u00e3o. &#8220;Desde meados deste ano de pandemia, temos realizado v\u00e1rias atividades online, como reuni\u00f5es, encontros e palestras. Claro, que em um anivers\u00e1rio, quer\u00edamos abra\u00e7ar a todos pessoalmente, mas faremos no virtual com o mesmo carinho e qualidade dos eventos presenciais da Fenale&#8221;.<\/p>\n<p><strong>Teletrabalho no Legislativo<\/strong><\/p>\n<p>Al\u00e9m da cerim\u00f4nia, a Fenale realizar\u00e1 a terceira palestra online, desta vez tratando de um tema fundamental em tempos de Covid-19. Com a expertise adquirida junto ao Legislativo de Santa Catarina, o presidente do Sindicato dos Servidores da Assembleia Legislativa de Santa Catarina (Sindalesc), Alexandre Melo, vai trocar experi\u00eancias com seus colegas de todo o Brasil, com a palestra &#8220;Teletrabalho no Legislativo&#8221;, trazendo \u00e0 luz a discuss\u00e3o as mudan\u00e7as e o trabalho \u00e0 dist\u00e2ncia no momento p\u00f3s-pandemia.<\/p>\n<p><strong>E-book<\/strong><\/p>\n<p>No mesmo evento, a Fenale lan\u00e7a um livro eletr\u00f4nico (e-book) sobre os 27 anos da Federa\u00e7\u00e3o e a compila\u00e7\u00e3o dos informativos Fenale em Pauta que, desde 2016, mostra quinzenalmente as atividades da Fenale e de suas entidades filiadas e parceira. O material vem sendo preparado pelo Departamento de Comunica\u00e7\u00e3o da Entidade e ser\u00e1 divulgado nas redes sociais e site da Fenale (<a href=\"http:\/\/www.fenale.org.br\">www.fenale.org.br<\/a>).<\/p>\n<p>A cerim\u00f4nia de 27 anos da Fenale poder\u00e1 ser acompanhada ao vivo nos canais do YouTube e Facebook da federa\u00e7\u00e3o.<\/p>\n","protected":false},"excerpt":{"rendered":"<p>Federa\u00e7\u00e3o Nacional dos Servidores dos Poderes Legislativos Federal, Estaduais e do Distrito Federal (Fenale) comemora 27 aos de funda\u00e7\u00e3o no\u00a0pr\u00f3ximo dia 22 de setembro, com evento online \u00e0s 15 horas A festa virtual ter\u00e1 a participa\u00e7\u00e3o de sindicatos, associa\u00e7\u00f5es de assembleias legislativas estaduais e do Congresso Nacional e presen\u00e7a de parlamentares, autoridades e representantes de outras entidades do funcionalismo do [&hellip;]<\/p>\n","protected":false},"author":27,"featured_media":0,"comment_status":"open","ping_status":"closed","sticky":false,"template":"","format":"standard","meta":{"footnotes":""},"categories":[2719],"tags":[17256,68,18228,1689,8332,124,18033,10,4658,7751,58,1584],"class_list":["post-17712","post","type-post","status-publish","format-standard","hentry","category-servidor","tag-covid-19","tag-df","tag-ebook","tag-estaduais","tag-evento","tag-federal","tag-fenale","tag-legislativo","tag-online","tag-palestra","tag-servidores","tag-teletrabalho"],"_links":{"self":[{"href":"https:\/\/blogs.correiobraziliense.com.br\/servidor\/wp-json\/wp\/v2\/posts\/17712","targetHints":{"allow":["GET"]}}],"collection":[{"href":"https:\/\/blogs.correiobraziliense.com.br\/servidor\/wp-json\/wp\/v2\/posts"}],"about":[{"href":"https:\/\/blogs.correiobraziliense.com.br\/servidor\/wp-json\/wp\/v2\/types\/post"}],"author":[{"embeddable":true,"href":"https:\/\/blogs.correiobraziliense.com.br\/servidor\/wp-json\/wp\/v2\/users\/27"}],"replies":[{"embeddable":true,"href":"https:\/\/blogs.correiobraziliense.com.br\/servidor\/wp-json\/wp\/v2\/comments?post=17712"}],"version-history":[{"count":1,"href":"https:\/\/blogs.correiobraziliense.com.br\/servidor\/wp-json\/wp\/v2\/posts\/17712\/revisions"}],"predecessor-version":[{"id":17713,"href":"https:\/\/blogs.correiobraziliense.com.br\/servidor\/wp-json\/wp\/v2\/posts\/17712\/revisions\/17713"}],"wp:attachment":[{"href":"https:\/\/blogs.correiobraziliense.com.br\/servidor\/wp-json\/wp\/v2\/media?parent=17712"}],"wp:term":[{"taxonomy":"category","embeddable":true,"href":"https:\/\/blogs.correiobraziliense.com.br\/servidor\/wp-json\/wp\/v2\/categories?post=17712"},{"taxonomy":"post_tag","embeddable":true,"href":"https:\/\/blogs.correiobraziliense.com.br\/servidor\/wp-json\/wp\/v2\/tags?post=17712"}],"curies":[{"name":"wp","href":"https:\/\/api.w.org\/{rel}","templated":true}]}}