{"id":17705,"date":"2020-09-18T18:13:40","date_gmt":"2020-09-18T21:13:40","guid":{"rendered":"https:\/\/blogs.correiobraziliense.com.br\/servidor\/?p=17705"},"modified":"2020-09-18T18:13:40","modified_gmt":"2020-09-18T21:13:40","slug":"mp-contesta-concurso-para-contratacao-de-peritos-criminais-temporarios-no-ms","status":"publish","type":"post","link":"https:\/\/blogs.correiobraziliense.com.br\/servidor\/mp-contesta-concurso-para-contratacao-de-peritos-criminais-temporarios-no-ms\/","title":{"rendered":"MP contesta concurso para contrata\u00e7\u00e3o de peritos criminais tempor\u00e1rios no MS"},"content":{"rendered":"<p><em><strong>O procurador S\u00e9rgio Luiz Morelli enviou \u00e0 Justi\u00e7a um parecer favor\u00e1vel ao pedido da\u00a0Associa\u00e7\u00e3o Brasileira de Criminal\u00edstica (ABC) e da Associa\u00e7\u00e3o\u00a0Nacional dos Peritos Criminais Federais (APCF), contra a os secret\u00e1rios de\u00a0Estado de Administra\u00e7\u00e3o e\u00a0Desburocratiza\u00e7\u00e3o de Justi\u00e7a e Seguran\u00e7a P\u00fablica do Estado de Mato Grosso do Sul<\/strong><\/em><\/p>\n<p>O objetivo \u00e9 suspender o edital, que foi expedido ilegalmente, para a\u00a0sele\u00e7\u00e3o e contrata\u00e7\u00e3o de peritos criminais tempor\u00e1rios, para atender &#8220;excepcional interesse p\u00fablico supostamente existente na Secretaria de Estado de\u00a0Justi\u00e7a e Seguran\u00e7a P\u00fablica&#8221;.\u00a0 O Minist\u00e9rio P\u00fablico entendeu que, &#8220;tendo em vista que o cargo de Perito Criminal \u00e9\u00a0de natureza ordin\u00e1ria e permanente do Estado (art. 1\u00ba1\u00a0da Lei Complementar<br \/>\nEstadual n\u00ba 114\/2005), resta impossibilitada a contrata\u00e7\u00e3o desse profissional por\u00a0prazo determinado, motivo pelo qual entendemos ser nulo o Edital n\u00ba 1\/2020\u00a0SAD\/SEJUSP\/CGP-PCRIM&#8221;.<\/p>\n","protected":false},"excerpt":{"rendered":"<p>O procurador S\u00e9rgio Luiz Morelli enviou \u00e0 Justi\u00e7a um parecer favor\u00e1vel ao pedido da\u00a0Associa\u00e7\u00e3o Brasileira de Criminal\u00edstica (ABC) e da Associa\u00e7\u00e3o\u00a0Nacional dos Peritos Criminais Federais (APCF), contra a os secret\u00e1rios de\u00a0Estado de Administra\u00e7\u00e3o e\u00a0Desburocratiza\u00e7\u00e3o de Justi\u00e7a e Seguran\u00e7a P\u00fablica do Estado de Mato Grosso do Sul O objetivo \u00e9 suspender o edital, que foi expedido ilegalmente, para a\u00a0sele\u00e7\u00e3o e contrata\u00e7\u00e3o [&hellip;]<\/p>\n","protected":false},"author":27,"featured_media":0,"comment_status":"open","ping_status":"closed","sticky":false,"template":"","format":"standard","meta":{"footnotes":""},"categories":[2719],"tags":[7813,18223,93,172,260,853,6470,14933,3672],"class_list":["post-17705","post","type-post","status-publish","format-standard","hentry","category-servidor","tag-abc","tag-aocf","tag-concurso","tag-contratacao","tag-justica","tag-mp","tag-ms","tag-peritos-criminais","tag-temporarios"],"_links":{"self":[{"href":"https:\/\/blogs.correiobraziliense.com.br\/servidor\/wp-json\/wp\/v2\/posts\/17705","targetHints":{"allow":["GET"]}}],"collection":[{"href":"https:\/\/blogs.correiobraziliense.com.br\/servidor\/wp-json\/wp\/v2\/posts"}],"about":[{"href":"https:\/\/blogs.correiobraziliense.com.br\/servidor\/wp-json\/wp\/v2\/types\/post"}],"author":[{"embeddable":true,"href":"https:\/\/blogs.correiobraziliense.com.br\/servidor\/wp-json\/wp\/v2\/users\/27"}],"replies":[{"embeddable":true,"href":"https:\/\/blogs.correiobraziliense.com.br\/servidor\/wp-json\/wp\/v2\/comments?post=17705"}],"version-history":[{"count":1,"href":"https:\/\/blogs.correiobraziliense.com.br\/servidor\/wp-json\/wp\/v2\/posts\/17705\/revisions"}],"predecessor-version":[{"id":17706,"href":"https:\/\/blogs.correiobraziliense.com.br\/servidor\/wp-json\/wp\/v2\/posts\/17705\/revisions\/17706"}],"wp:attachment":[{"href":"https:\/\/blogs.correiobraziliense.com.br\/servidor\/wp-json\/wp\/v2\/media?parent=17705"}],"wp:term":[{"taxonomy":"category","embeddable":true,"href":"https:\/\/blogs.correiobraziliense.com.br\/servidor\/wp-json\/wp\/v2\/categories?post=17705"},{"taxonomy":"post_tag","embeddable":true,"href":"https:\/\/blogs.correiobraziliense.com.br\/servidor\/wp-json\/wp\/v2\/tags?post=17705"}],"curies":[{"name":"wp","href":"https:\/\/api.w.org\/{rel}","templated":true}]}}