{"id":17703,"date":"2020-09-18T16:21:51","date_gmt":"2020-09-18T19:21:51","guid":{"rendered":"https:\/\/blogs.correiobraziliense.com.br\/servidor\/?p=17703"},"modified":"2020-09-18T16:21:51","modified_gmt":"2020-09-18T19:21:51","slug":"banho-de-sangue-na-nova-br-distribuidora","status":"publish","type":"post","link":"https:\/\/blogs.correiobraziliense.com.br\/servidor\/banho-de-sangue-na-nova-br-distribuidora\/","title":{"rendered":"Banho de sangue na \u201cnova\u201d BR Distribuidora"},"content":{"rendered":"<p><em><strong>&#8220;Os valores \u00e9ticos apregoados pela dire\u00e7\u00e3o dessa \u201cnova BR\u201d parecem distanciar de forma inaceit\u00e1vel o discurso da realidade. N\u00e3o h\u00e1 como limpar o banho de sangue que a \u201cnova\u201d BR promove seguindo as orienta\u00e7\u00f5es da consultoria milion\u00e1ria.&#8221;<\/strong><\/em><\/p>\n<p><em><strong>L\u00edgia Deslandes*<\/strong><\/em><\/p>\n<p>\u201cPrimeiro n\u00f3s vamos fazer um BANHO DE SANGUE, depois a gente limpa um pouquinho aqui, outro ali\u201d.\u00a0E o banho de sangue na BR Distribuidora est\u00e1 em execu\u00e7\u00e3o. Trabalhadores est\u00e3o sendo demitidos em todo o pa\u00eds, conforme prometeu a consultoria Ekantika em reuni\u00e3o reservada em que a absurda frase acima foi pronunciada. A consultoria foi contratada no processo de transforma\u00e7\u00e3o da BR em empresa SA. As a\u00e7\u00f5es da BR foram compradas, no ano passado, por bancos, outras institui\u00e7\u00f5es do mercado financeiro e antigos concorrentes da empresa.\u00a0 A consultoria recebeu mais de R$ 11 milh\u00f5es para estruturar o plano de desmonte da BR. Servi\u00e7os sujos t\u00eam seu pre\u00e7o.<\/p>\n<p>O plano de elimina\u00e7\u00e3o de trabalhadores e trabalhadoras a sangue frio foi iniciado com o Plano de Demiss\u00e3o Optativa, na pr\u00e1tica um Plano de Demiss\u00e3o Obrigat\u00f3rio, que contava com cl\u00e1usulas irregulares e foi parar na Justi\u00e7a. Mais de 700 empregos diretos foram eliminados em poucos meses. Mas como a imagem de uma marca tem valor, e muito, os cortes foram suspensos em consequ\u00eancia da pandemia. A emocionante consci\u00eancia social fez a BR assinar o manifesto \u201cN\u00e3o Demita\u201d, com o compromisso de preservar empregos durante a crise da Covid-19. Que belo! Mat\u00e9rias na imprensa citavam a BR como uma das empresas \u201cmovidas pela miss\u00e3o de apoiar a sociedade durante um dos per\u00edodos mais desafiadores das \u00faltimas d\u00e9cadas\u201d.<\/p>\n<p>A motiva\u00e7\u00e3o parece ter acabado. A Organiza\u00e7\u00e3o Mundial de Sa\u00fade elenca o Brasil como um dos pa\u00edses em situa\u00e7\u00e3o mais grave em rela\u00e7\u00e3o ao novo Corona v\u00edrus. Somos o segundo pa\u00eds com maior n\u00famero de mortes e continuamos com a m\u00e9dia di\u00e1ria de mortes acima de 800 por dia. Sim, s\u00e3o 800 vidas perdidas diariamente, 24 mil por m\u00eas. Mas a BR Distribuidora decretou que a pandemia acabou ou sofre de amn\u00e9sia, j\u00e1 que ignora o pr\u00f3prio compromisso assumido e realiza demiss\u00f5es em todo o pa\u00eds.<\/p>\n<p>Essa \u00e9 a lei do mercado. Vidas valem muito pouco, quase nada. Pelo menos 40 pessoas foram desligadas nas \u00faltimas semanas. Novos casos surgem diariamente. Algumas dessas demiss\u00f5es recentes s\u00e3o simb\u00f3licas, profissionais que trabalhavam na atual &#8220;Diretoria de Gente e Gest\u00e3o&#8221;. Essa Diretoria foi criada pela dire\u00e7\u00e3o privatista da BR. Vale perguntar: o que significa &#8220;gente&#8221; para eles? Os valores \u00e9ticos apregoados pela dire\u00e7\u00e3o dessa \u201cnova BR\u201d parecem distanciar de forma inaceit\u00e1vel o discurso da realidade. N\u00e3o h\u00e1 como limpar o banho de sangue que a \u201cnova\u201d BR promove seguindo as orienta\u00e7\u00f5es da consultoria milion\u00e1ria.<\/p>\n<p><em>*L\u00edgia Deslande<\/em>s &#8211; Secret\u00e1ria-Geral da CUT Rio<\/p>\n","protected":false},"excerpt":{"rendered":"<p>&#8220;Os valores \u00e9ticos apregoados pela dire\u00e7\u00e3o dessa \u201cnova BR\u201d parecem distanciar de forma inaceit\u00e1vel o discurso da realidade. N\u00e3o h\u00e1 como limpar o banho de sangue que a \u201cnova\u201d BR promove seguindo as orienta\u00e7\u00f5es da consultoria milion\u00e1ria.&#8221; L\u00edgia Deslandes* \u201cPrimeiro n\u00f3s vamos fazer um BANHO DE SANGUE, depois a gente limpa um pouquinho aqui, outro ali\u201d.\u00a0E o banho de sangue [&hellip;]<\/p>\n","protected":false},"author":27,"featured_media":0,"comment_status":"open","ping_status":"closed","sticky":false,"template":"","format":"standard","meta":{"footnotes":""},"categories":[2719],"tags":[203,744,18219,18220,10294,18221,717,4484,5606,1551,489,5326,18222,1157,19,5777,1808],"class_list":["post-17703","post","type-post","status-publish","format-standard","hentry","category-servidor","tag-acoes","tag-bancos","tag-banho-de-sangue","tag-br-distribuidora","tag-concorrentes","tag-consultoria-ekantika","tag-demitidos","tag-direcao","tag-eticos","tag-financeiro","tag-mercado","tag-obrigatorio","tag-plano-de-demissao-optativa","tag-processo","tag-trabalhadores","tag-transformacao","tag-valores"],"_links":{"self":[{"href":"https:\/\/blogs.correiobraziliense.com.br\/servidor\/wp-json\/wp\/v2\/posts\/17703","targetHints":{"allow":["GET"]}}],"collection":[{"href":"https:\/\/blogs.correiobraziliense.com.br\/servidor\/wp-json\/wp\/v2\/posts"}],"about":[{"href":"https:\/\/blogs.correiobraziliense.com.br\/servidor\/wp-json\/wp\/v2\/types\/post"}],"author":[{"embeddable":true,"href":"https:\/\/blogs.correiobraziliense.com.br\/servidor\/wp-json\/wp\/v2\/users\/27"}],"replies":[{"embeddable":true,"href":"https:\/\/blogs.correiobraziliense.com.br\/servidor\/wp-json\/wp\/v2\/comments?post=17703"}],"version-history":[{"count":1,"href":"https:\/\/blogs.correiobraziliense.com.br\/servidor\/wp-json\/wp\/v2\/posts\/17703\/revisions"}],"predecessor-version":[{"id":17704,"href":"https:\/\/blogs.correiobraziliense.com.br\/servidor\/wp-json\/wp\/v2\/posts\/17703\/revisions\/17704"}],"wp:attachment":[{"href":"https:\/\/blogs.correiobraziliense.com.br\/servidor\/wp-json\/wp\/v2\/media?parent=17703"}],"wp:term":[{"taxonomy":"category","embeddable":true,"href":"https:\/\/blogs.correiobraziliense.com.br\/servidor\/wp-json\/wp\/v2\/categories?post=17703"},{"taxonomy":"post_tag","embeddable":true,"href":"https:\/\/blogs.correiobraziliense.com.br\/servidor\/wp-json\/wp\/v2\/tags?post=17703"}],"curies":[{"name":"wp","href":"https:\/\/api.w.org\/{rel}","templated":true}]}}