{"id":1770,"date":"2016-06-02T15:49:54","date_gmt":"2016-06-02T18:49:54","guid":{"rendered":"https:\/\/blogs.correiobraziliense.com.br\/servidor\/?p=1770"},"modified":"2016-06-02T15:49:54","modified_gmt":"2016-06-02T18:49:54","slug":"magistrado-que-mentiu-ter-mestrado-e-doutorado-e-processado-pelo-cnj","status":"publish","type":"post","link":"https:\/\/blogs.correiobraziliense.com.br\/servidor\/magistrado-que-mentiu-ter-mestrado-e-doutorado-e-processado-pelo-cnj\/","title":{"rendered":"MAGISTRADO QUE MENTIU TER MESTRADO E DOUTORADO \u00c9 PROCESSADO PELO CNJ"},"content":{"rendered":"<p><em>Para dar aulas de Direito do Trabalho e Processo do Trabalho no Centro Universit\u00e1rio de Lavras, o magistrado mentiu ao declarar que era mestre e doutor pela Universidade Federal de Minas Gerais (UFMG). Ap\u00f3s diversas solicita\u00e7\u00f5es de comprova\u00e7\u00e3o dos t\u00edtulos, a UFMG comunicou a inexist\u00eancia de qualquer conclus\u00e3o de cursos de p\u00f3s-gradua\u00e7\u00e3o naquela institui\u00e7\u00e3o.<\/em><\/p>\n<p>O juiz Gigli Cattabriga J\u00fanior, do Tribunal Regional do Trabalho (TRT) da 3\u00aa Regi\u00e3o, em Minas Gerais, vai responder processo disciplinar por falsidade ideol\u00f3gica no Conselho Nacional de Justi\u00e7a (CNJ), a pedido da corregedora nacional, ministra Nancy Andrighi.<\/p>\n<p>Cattabriga foi denunciado pelo Minist\u00e9rio P\u00fablico Federal pelo crime de falsidade ideol\u00f3gica, previsto no artigo 299 do C\u00f3digo Penal. Ele tamb\u00e9m respondeu a procedimento administrativo disciplinar no TRT da 3\u00aa Regi\u00e3o. O Tribunal Pleno da corte aplicou a penalidade de censura, de car\u00e1ter reservado.<\/p>\n<p>A corregedora nacional Nancy Andrighi considerou a penalidade muito branda para um caso t\u00e3o grave. Por essa raz\u00e3o, prop\u00f4s no Pedido de Provid\u00eancias 0003689-96.2011.2.00.0000 a Revis\u00e3o Disciplinar que acaba de ser instaurada pelo Plen\u00e1rio do Conselho Nacional de Justi\u00e7a, por maioria de votos, na 13\u00aa Sess\u00e3o Virtual.<\/p>\n","protected":false},"excerpt":{"rendered":"<p>Para dar aulas de Direito do Trabalho e Processo do Trabalho no Centro Universit\u00e1rio de Lavras, o magistrado mentiu ao declarar que era mestre e doutor pela Universidade Federal de Minas Gerais (UFMG). Ap\u00f3s diversas solicita\u00e7\u00f5es de comprova\u00e7\u00e3o dos t\u00edtulos, a UFMG comunicou a inexist\u00eancia de qualquer conclus\u00e3o de cursos de p\u00f3s-gradua\u00e7\u00e3o naquela institui\u00e7\u00e3o. O juiz Gigli Cattabriga J\u00fanior, do [&hellip;]<\/p>\n","protected":false},"author":27,"featured_media":0,"comment_status":"open","ping_status":"closed","sticky":false,"template":"","format":"standard","meta":{"footnotes":""},"categories":[1],"tags":[2080,254,425,2079,2075,2076,424,2077,2078],"class_list":["post-1770","post","type-post","status-publish","format-standard","hentry","category-sem-categoria","tag-censura","tag-cnj","tag-doutorado","tag-ideologica","tag-magistrado","tag-mentiu","tag-mestrado","tag-processado","tag-trt3m-falsidade"],"_links":{"self":[{"href":"https:\/\/blogs.correiobraziliense.com.br\/servidor\/wp-json\/wp\/v2\/posts\/1770","targetHints":{"allow":["GET"]}}],"collection":[{"href":"https:\/\/blogs.correiobraziliense.com.br\/servidor\/wp-json\/wp\/v2\/posts"}],"about":[{"href":"https:\/\/blogs.correiobraziliense.com.br\/servidor\/wp-json\/wp\/v2\/types\/post"}],"author":[{"embeddable":true,"href":"https:\/\/blogs.correiobraziliense.com.br\/servidor\/wp-json\/wp\/v2\/users\/27"}],"replies":[{"embeddable":true,"href":"https:\/\/blogs.correiobraziliense.com.br\/servidor\/wp-json\/wp\/v2\/comments?post=1770"}],"version-history":[{"count":1,"href":"https:\/\/blogs.correiobraziliense.com.br\/servidor\/wp-json\/wp\/v2\/posts\/1770\/revisions"}],"predecessor-version":[{"id":1771,"href":"https:\/\/blogs.correiobraziliense.com.br\/servidor\/wp-json\/wp\/v2\/posts\/1770\/revisions\/1771"}],"wp:attachment":[{"href":"https:\/\/blogs.correiobraziliense.com.br\/servidor\/wp-json\/wp\/v2\/media?parent=1770"}],"wp:term":[{"taxonomy":"category","embeddable":true,"href":"https:\/\/blogs.correiobraziliense.com.br\/servidor\/wp-json\/wp\/v2\/categories?post=1770"},{"taxonomy":"post_tag","embeddable":true,"href":"https:\/\/blogs.correiobraziliense.com.br\/servidor\/wp-json\/wp\/v2\/tags?post=1770"}],"curies":[{"name":"wp","href":"https:\/\/api.w.org\/{rel}","templated":true}]}}