{"id":17693,"date":"2020-09-17T21:25:46","date_gmt":"2020-09-18T00:25:46","guid":{"rendered":"https:\/\/blogs.correiobraziliense.com.br\/servidor\/?p=17693"},"modified":"2020-09-17T21:57:02","modified_gmt":"2020-09-18T00:57:02","slug":"paulo-guedes-e-condenado-por-ter-chamado-servidores-de-parasitas","status":"publish","type":"post","link":"https:\/\/blogs.correiobraziliense.com.br\/servidor\/paulo-guedes-e-condenado-por-ter-chamado-servidores-de-parasitas\/","title":{"rendered":"Paulo Guedes \u00e9 condenado a pagar R$ 50 mil por ter chamado servidores de &#8220;parasitas&#8221;"},"content":{"rendered":"<figure id=\"attachment_17699\" aria-describedby=\"caption-attachment-17699\" style=\"width: 1024px\" class=\"wp-caption alignnone\"><a href=\"https:\/\/blogs.correiobraziliense.com.br\/servidor\/wp-content\/uploads\/sites\/10\/2020\/09\/CBIFOT280820203843.jpg\"><img loading=\"lazy\" decoding=\"async\" class=\"size-large wp-image-17699\" src=\"https:\/\/blogs.correiobraziliense.com.br\/servidor\/wp-content\/uploads\/sites\/10\/2020\/09\/CBIFOT280820203843-1024x683.jpg\" alt=\"\" width=\"1024\" height=\"683\" srcset=\"https:\/\/blogs.correiobraziliense.com.br\/servidor\/wp-content\/uploads\/sites\/10\/2020\/09\/CBIFOT280820203843-1024x683.jpg 1024w, https:\/\/blogs.correiobraziliense.com.br\/servidor\/wp-content\/uploads\/sites\/10\/2020\/09\/CBIFOT280820203843-300x200.jpg 300w, https:\/\/blogs.correiobraziliense.com.br\/servidor\/wp-content\/uploads\/sites\/10\/2020\/09\/CBIFOT280820203843-768x512.jpg 768w, https:\/\/blogs.correiobraziliense.com.br\/servidor\/wp-content\/uploads\/sites\/10\/2020\/09\/CBIFOT280820203843-1440x960.jpg 1440w, https:\/\/blogs.correiobraziliense.com.br\/servidor\/wp-content\/uploads\/sites\/10\/2020\/09\/CBIFOT280820203843-550x367.jpg 550w, https:\/\/blogs.correiobraziliense.com.br\/servidor\/wp-content\/uploads\/sites\/10\/2020\/09\/CBIFOT280820203843-230x153.jpg 230w\" sizes=\"auto, (max-width: 1024px) 100vw, 1024px\" \/><\/a><figcaption id=\"caption-attachment-17699\" class=\"wp-caption-text\">Evaristo S\u00e1\/AFP<\/figcaption><\/figure>\n<p>&nbsp;<\/p>\n<p><em><strong>Decis\u00e3o judicial de primeira inst\u00e2ncia determinou que o ministro da Economia, Paulo Guedes, pague indeniza\u00e7\u00e3o de R$ 50 mil ao Sindicato dos Policiais Federais da Bahia (Sindipol-BA).\u00a0A ju\u00edza federal da 4\u00aa Vara, Cl\u00e1udia da Costa Tourinho Scarpa, considerou que houve insulto por parte do ministro<\/strong><\/em><\/p>\n<p>A indeniza\u00e7\u00e3o \u00e9 resultado de uma a\u00e7\u00e3o contra Paulo Gudes que, durante uma palestra comparou servidores p\u00fablicos a parasitas. O fato aconteceu em fevereiro, quando ele falava sobre a reforma administrativa, que s\u00f3 veio a ser apresentada ao Congresso esse m\u00eas. Guedes criticou o reajuste anual dos servidores e afirmou que eles j\u00e1 t\u00eam privil\u00e9gios, como a estabilidade no emprego e \u201caposentadoria generosa\u201d.<\/p>\n<p>\u201cO hospedeiro est\u00e1 morrendo, o cara virou um parasita, o dinheiro n\u00e3o chega no povo e ele quer aumento autom\u00e1tico\u201d, declarou Guedes a empres\u00e1rios, na Funda\u00e7\u00e3o Get\u00falio Vargas (FGV). Em seguida, a assessoria de imprensa do Minist\u00e9rio da Economia disse que a compara\u00e7\u00e3o foi retirada de contexto pela imprensa.<\/p>\n<p>De acordo com informa\u00e7\u00f5es do Congresso em Foco, o sindicato baiano apresentou uma a\u00e7\u00e3o de repara\u00e7\u00e3o por dano moral coletivo contra o economista em maio. A ju\u00edza federal da 4\u00aa Vara, Cl\u00e1udia da Costa Tourinho Scarpa, considerou que houve insulto por parte do ministro. \u201cO ministro de Estado da Economia, no exerc\u00edcio do seu direito \u00e0 liberdade de express\u00e3o, insultou os servidores p\u00fablicos. Ele os comparou a \u2018parasitas\u2019, pediu que eles \u2018n\u00e3o assaltem o Brasil, quando o gigante est\u00e1 de joelhos\u2019 e afirmou que eles ficam em casa \u2018com geladeira cheia\u2019\u201d.<\/p>\n<p>A decis\u00e3o determinou o pagamento no valor de R$ 50 mil, \u201cem virtude da viola\u00e7\u00e3o aos direitos da personalidade dos integrantes da categoria profissional representada por este ente sindical, por meio dos seus pronunciamentos\u201d.<\/p>\n<p>Segundo o sindicato, o dinheiro pago pelo ministro ser\u00e1 doado ao Hospital Santo Ant\u00f4nio, que pertence \u00e0s Obras Sociais Irm\u00e3 Dulce (OSID), e ao Hospital Aristides Maltez, que s\u00e3o organiza\u00e7\u00f5es sem fins lucrativos de Salvador e que est\u00e3o \u00e0 frente no combate \u00e0 pandemia do novo coronav\u00edrus. Ainda cabe recurso da senten\u00e7a. Procurada, a assessoria de imprensa do minist\u00e9rio informou que a Advocacia-Geral da Uni\u00e3o (AGU) \u00e9 que &#8220;est\u00e1 tocando o processo&#8221;.<\/p>\n<p>Jos\u00e9 M\u00e1rio de Lima, presidente do Sindipol-BA, fez quest\u00e3o de ressaltar que, no processo, o valor inicial da indeniza\u00e7\u00e3o era em torno de R$ 200 mil. &#8220;Mas n\u00e3o importa o valor. N\u00e3o se trata de uma ind\u00fastria de dano moral. O que importa \u00e9 a defesa dos servidores p\u00fablicos, em geral, dos federais e, em particular, dos servidores da seguran\u00e7a. A nossa reputa\u00e7\u00e3o n\u00e3o pode ser atacada dessa forma&#8221;, refor\u00e7ou.<\/p>\n<p>&nbsp;<\/p>\n","protected":false},"excerpt":{"rendered":"<p>&nbsp; Decis\u00e3o judicial de primeira inst\u00e2ncia determinou que o ministro da Economia, Paulo Guedes, pague indeniza\u00e7\u00e3o de R$ 50 mil ao Sindicato dos Policiais Federais da Bahia (Sindipol-BA).\u00a0A ju\u00edza federal da 4\u00aa Vara, Cl\u00e1udia da Costa Tourinho Scarpa, considerou que houve insulto por parte do ministro A indeniza\u00e7\u00e3o \u00e9 resultado de uma a\u00e7\u00e3o contra Paulo Gudes que, durante uma palestra [&hellip;]<\/p>\n","protected":false},"author":27,"featured_media":17699,"comment_status":"open","ping_status":"closed","sticky":false,"template":"","format":"standard","meta":{"footnotes":""},"categories":[2719],"tags":[6,7689,1248,4177,2726,1181,17421,951,18216,15187,16960,14501,955,63,15938,58,18215],"class_list":["post-17693","post","type-post","status-publish","format-standard","has-post-thumbnail","hentry","category-servidor","tag-aposentadoria","tag-automatico","tag-decisao","tag-empresarios","tag-fgv","tag-imprensa","tag-insulto","tag-judicial","tag-juiza-federal","tag-ministro-da-economia","tag-parasitas","tag-paulo-guedes","tag-privilegios","tag-reajuste","tag-reforma-administrativa","tag-servidores","tag-sindipol-ba"],"_links":{"self":[{"href":"https:\/\/blogs.correiobraziliense.com.br\/servidor\/wp-json\/wp\/v2\/posts\/17693","targetHints":{"allow":["GET"]}}],"collection":[{"href":"https:\/\/blogs.correiobraziliense.com.br\/servidor\/wp-json\/wp\/v2\/posts"}],"about":[{"href":"https:\/\/blogs.correiobraziliense.com.br\/servidor\/wp-json\/wp\/v2\/types\/post"}],"author":[{"embeddable":true,"href":"https:\/\/blogs.correiobraziliense.com.br\/servidor\/wp-json\/wp\/v2\/users\/27"}],"replies":[{"embeddable":true,"href":"https:\/\/blogs.correiobraziliense.com.br\/servidor\/wp-json\/wp\/v2\/comments?post=17693"}],"version-history":[{"count":5,"href":"https:\/\/blogs.correiobraziliense.com.br\/servidor\/wp-json\/wp\/v2\/posts\/17693\/revisions"}],"predecessor-version":[{"id":17700,"href":"https:\/\/blogs.correiobraziliense.com.br\/servidor\/wp-json\/wp\/v2\/posts\/17693\/revisions\/17700"}],"wp:featuredmedia":[{"embeddable":true,"href":"https:\/\/blogs.correiobraziliense.com.br\/servidor\/wp-json\/wp\/v2\/media\/17699"}],"wp:attachment":[{"href":"https:\/\/blogs.correiobraziliense.com.br\/servidor\/wp-json\/wp\/v2\/media?parent=17693"}],"wp:term":[{"taxonomy":"category","embeddable":true,"href":"https:\/\/blogs.correiobraziliense.com.br\/servidor\/wp-json\/wp\/v2\/categories?post=17693"},{"taxonomy":"post_tag","embeddable":true,"href":"https:\/\/blogs.correiobraziliense.com.br\/servidor\/wp-json\/wp\/v2\/tags?post=17693"}],"curies":[{"name":"wp","href":"https:\/\/api.w.org\/{rel}","templated":true}]}}