{"id":17682,"date":"2020-09-17T14:29:56","date_gmt":"2020-09-17T17:29:56","guid":{"rendered":"https:\/\/blogs.correiobraziliense.com.br\/servidor\/?p=17682"},"modified":"2020-09-17T14:30:32","modified_gmt":"2020-09-17T17:30:32","slug":"conamp-quer-reconhecimento-a-atividade-de-risco-de-procuradores-e-promotores-de-justica","status":"publish","type":"post","link":"https:\/\/blogs.correiobraziliense.com.br\/servidor\/conamp-quer-reconhecimento-a-atividade-de-risco-de-procuradores-e-promotores-de-justica\/","title":{"rendered":"Conamp quer reconhecimento \u00e0 atividade de risco de procuradores e promotores de Justi\u00e7a"},"content":{"rendered":"<p><em><strong>O reconhecimento n\u00e3o tem consequ\u00eancia remunerat\u00f3ria, previdenci\u00e1ria, ou de qualquer esp\u00e9cie. O objetivo \u00e9 ter dentro da pr\u00f3pria institui\u00e7\u00e3o um planejamento de seguran\u00e7a para os membros do MP, de acordo com a Conamp<\/strong><\/em><\/p>\n<p>O presidente da Associa\u00e7\u00e3o Nacional dos Membros do Minist\u00e9rio P\u00fablico (Conamp), Manoel Murrieta, apresentou ao procurador-geral da Rep\u00fablica, Augusto Aras, minuta de projeto de lei pelo reconhecimento legislativo da atua\u00e7\u00e3o dos membros do Minist\u00e9rio P\u00fablico como atividade de risco. No of\u00edcio,\u00a0 a entidade solicita que o texto seja enviado como projeto de lei ao Congresso Nacional<\/p>\n<p>Murrieta defende que a medida \u00e9 importante tanto para a atua\u00e7\u00e3o do MP quanto para o fortalecimento da democracia. &#8220;O reconhecimento legislativo da atua\u00e7\u00e3o dos membros do Minist\u00e9rio P\u00fablico brasileiro como atividade de risco \u00e9 fundamental para garantir e dar mais seguran\u00e7a \u00e0 atua\u00e7\u00e3o estrat\u00e9gica dos procuradores e promotores de Justi\u00e7a do Minist\u00e9rio P\u00fablico brasileiro no combate \u00e0 corrup\u00e7\u00e3o e criminalidade grave, quest\u00f5es urgentes e de interesse de toda a sociedade&#8221;<\/p>\n<p>No of\u00edcio entregue \u00e0 PGR, a Conamp destaca, ainda, que &#8220;juntamente com diversas institui\u00e7\u00f5es do sistema da justi\u00e7a e seguran\u00e7a p\u00fablica, a exemplo das pol\u00edcias federal, civil e militar, o Minist\u00e9rio P\u00fablico age para combater a criminalidade&#8221; e seus membros correm risco pessoal e familiar, &#8220;n\u00e3o sendo raro nos depararmos com situa\u00e7\u00f5es de amea\u00e7as e assassinatos&#8221;.<\/p>\n<p>O texto foi elaborado pela Comiss\u00e3o de Proposi\u00e7\u00e3o Legislativa da Conamp e ratificado pelo conselho deliberativo da entidade. O presidente do Conselho Nacional de Procuradores-Gerais (CNPG), Fabiano Dallazen, participou da reuni\u00e3o com o PGR.<\/p>\n<p>&nbsp;<\/p>\n","protected":false},"excerpt":{"rendered":"<p>O reconhecimento n\u00e3o tem consequ\u00eancia remunerat\u00f3ria, previdenci\u00e1ria, ou de qualquer esp\u00e9cie. O objetivo \u00e9 ter dentro da pr\u00f3pria institui\u00e7\u00e3o um planejamento de seguran\u00e7a para os membros do MP, de acordo com a Conamp O presidente da Associa\u00e7\u00e3o Nacional dos Membros do Minist\u00e9rio P\u00fablico (Conamp), Manoel Murrieta, apresentou ao procurador-geral da Rep\u00fablica, Augusto Aras, minuta de projeto de lei pelo reconhecimento [&hellip;]<\/p>\n","protected":false},"author":27,"featured_media":0,"comment_status":"open","ping_status":"closed","sticky":false,"template":"","format":"standard","meta":{"footnotes":""},"categories":[2719],"tags":[3454,4460,693,205,7124,2807,260,10,417,1235,3923,1212,351],"class_list":["post-17682","post","type-post","status-publish","format-standard","hentry","category-servidor","tag-atividade","tag-conamp","tag-congresso-nacional","tag-corrupcao","tag-criminalidade","tag-defensores","tag-justica","tag-legislativo","tag-ministerio-publico","tag-procuradores","tag-reconhecimento","tag-risco","tag-sociedade"],"_links":{"self":[{"href":"https:\/\/blogs.correiobraziliense.com.br\/servidor\/wp-json\/wp\/v2\/posts\/17682","targetHints":{"allow":["GET"]}}],"collection":[{"href":"https:\/\/blogs.correiobraziliense.com.br\/servidor\/wp-json\/wp\/v2\/posts"}],"about":[{"href":"https:\/\/blogs.correiobraziliense.com.br\/servidor\/wp-json\/wp\/v2\/types\/post"}],"author":[{"embeddable":true,"href":"https:\/\/blogs.correiobraziliense.com.br\/servidor\/wp-json\/wp\/v2\/users\/27"}],"replies":[{"embeddable":true,"href":"https:\/\/blogs.correiobraziliense.com.br\/servidor\/wp-json\/wp\/v2\/comments?post=17682"}],"version-history":[{"count":2,"href":"https:\/\/blogs.correiobraziliense.com.br\/servidor\/wp-json\/wp\/v2\/posts\/17682\/revisions"}],"predecessor-version":[{"id":17684,"href":"https:\/\/blogs.correiobraziliense.com.br\/servidor\/wp-json\/wp\/v2\/posts\/17682\/revisions\/17684"}],"wp:attachment":[{"href":"https:\/\/blogs.correiobraziliense.com.br\/servidor\/wp-json\/wp\/v2\/media?parent=17682"}],"wp:term":[{"taxonomy":"category","embeddable":true,"href":"https:\/\/blogs.correiobraziliense.com.br\/servidor\/wp-json\/wp\/v2\/categories?post=17682"},{"taxonomy":"post_tag","embeddable":true,"href":"https:\/\/blogs.correiobraziliense.com.br\/servidor\/wp-json\/wp\/v2\/tags?post=17682"}],"curies":[{"name":"wp","href":"https:\/\/api.w.org\/{rel}","templated":true}]}}