{"id":17678,"date":"2020-09-17T12:13:03","date_gmt":"2020-09-17T15:13:03","guid":{"rendered":"https:\/\/blogs.correiobraziliense.com.br\/servidor\/?p=17678"},"modified":"2020-09-17T12:13:03","modified_gmt":"2020-09-17T15:13:03","slug":"campanha-pela-manutencao-do-auxilio-emergencial-de-r-600","status":"publish","type":"post","link":"https:\/\/blogs.correiobraziliense.com.br\/servidor\/campanha-pela-manutencao-do-auxilio-emergencial-de-r-600\/","title":{"rendered":"Campanha pela manuten\u00e7\u00e3o do aux\u00edlio emergencial de R$ 600"},"content":{"rendered":"<p><em><strong>Centrais sindicais fazem Campanha Nacional pela\u00a0manuten\u00e7\u00e3o do aux\u00edlio emergencial de R$ 600 at\u00e9 dezembro. &#8220;\u00c9 bom para o povo, para a economia e para o Brasil&#8221;, destacam ao pedir que o Congresso vote logo a MP 1.000\/20, que reduz o valor \u00e0 metade<\/strong><\/em><\/p>\n<p>&#8220;Nosso o objetivo \u00e9 impedir que o governo federal cometa mais uma injusti\u00e7a contra a classe trabalhadora e, principalmente, contra a popula\u00e7\u00e3o vulner\u00e1vel, as mais atingidas pela pandemia de Covid-19 e a recess\u00e3o.&#8221;, refor\u00e7am as entidades<\/p>\n<p>Veja a nota:<\/p>\n<p>&#8220;As Centrais Sindicais CUT, For\u00e7a Sindical, UGT, CTB, CSB, NCST, CGTB, Intersindical, CSP-Conlutas, Intersindical e P\u00fablica, seus sindicatos e entidades, iniciam de forma unit\u00e1ria nesta quinta-feira (17) uma mobiliza\u00e7\u00e3o nacional para conclamar ao Congresso Nacional para votar a MP 1000 e restituir o valor de R$ 600 para o Aux\u00edlio Emergencial (R# 1.200 para m\u00e3e chefe de fam\u00edlia). Essa iniciativa fundamental depende inicialmente da decis\u00e3o do presidente da C\u00e2mara dos Deputados, Rodrigo Maia, de encaminhar o processo legislativo e pautar a vota\u00e7\u00e3o na C\u00e2mara dos Deputados.<\/p>\n<p>Nosso o objetivo \u00e9 impedir que o governo federal cometa mais uma injusti\u00e7a contra a classe trabalhadora e, principalmente, contra a popula\u00e7\u00e3o vulner\u00e1vel, as mais atingidas pela pandemia de Covid-19 e a recess\u00e3o.<\/p>\n<p>A Medida Provis\u00f3ria 1000 corta o Aux\u00edlio Emergencial pela metade, reduzindo-o a R$ 300,00, restringindo ainda mais a capacidade de milh\u00f5es de fam\u00edlias brasileiras enfrentarem as consequ\u00eancias da crise sanit\u00e1ria causada pela pandemia do coronov\u00edrus, em especial o desemprego e a perda de renda do trabalho. A redu\u00e7\u00e3o do Aux\u00edlio compromete gravemente a capacidade das fam\u00edlias adquirem a alimenta\u00e7\u00e3o, moradia, transporte e outros bens de consumo b\u00e1sicos, al\u00e9m de todas as outras necessidades.<\/p>\n<p>O Aux\u00edlio Emergencial de R$ 600,00 garantiu o consumo b\u00e1sico de mais de 50 milh\u00f5es de pessoas, fomentou a atividade nas empresas e protegeu milh\u00f5es de empregos, fazendo a roda da economia girar, impedindo, assim, que uma crise econ\u00f4mica ainda maior se instalasse no pa\u00eds.<\/p>\n<p>Estudos estimam que os mais de R$ 320 bilh\u00f5es mobilizados para financiar esse Aux\u00edlio teve um impacto positivo na massa de rendimentos das fam\u00edlias que, transformada em consumo, foi capaz de sustentar mais de 2% do PIB brasileiro em 2020.<\/p>\n<p>Sairemos dessa grave crise sanit\u00e1ria e econ\u00f4mica se formos ousados e tivermos capacidade efetiva de coopera\u00e7\u00e3o. Cabe ao governo federal articular e coordenar os esfor\u00e7os de enfrentamento da crise sanit\u00e1ria, contudo o governo atua no sentido contr\u00e1rio, o que significa milhares de vidas perdidas que seriam evit\u00e1veis.<\/p>\n<p>Cabe ao governo mobilizar os recursos p\u00fablicos, com impostos progressivos e taxando os ricos, para garantir renda b\u00e1sica para todos que necessitem, bem como mobilizar investimentos para a retomada das milhares de obras paradas, para a expans\u00e3o da nossa infraestrutura econ\u00f4mica e social, orientando para um desenvolvimento produtivo ambientalmente sustent\u00e1vel, justo e cooperado.<\/p>\n<p>Convidamos as organiza\u00e7\u00f5es, entidades e movimentos para que fa\u00e7amos um grande esfor\u00e7o de articula\u00e7\u00e3o das nossas iniciativas. Conclamamos parlamentares e partidos para um amplo di\u00e1logo social compromissado com a na\u00e7\u00e3o brasileira, com o desenvolvimento econ\u00f4mico sustent\u00e1vel, com a justi\u00e7a social, di\u00e1logo esse que deve agora materializar-se na manuten\u00e7\u00e3o do Aux\u00edlio Emergencial de R$ 600 at\u00e9 dezembro.<\/p>\n<p>S\u00e9rgio Nobre<br \/>\nPresidente da CUT &#8211; Central \u00danica dos Trabalhadores<\/p>\n<p>Miguel Torres<br \/>\nPresidente da For\u00e7a Sindical<\/p>\n<p>Adilson Ara\u00fajo<br \/>\nPresidente da CTB &#8211; Central dos Trabalhadores e Trabalhadoras do Brasil<\/p>\n<p>Jos\u00e9 Calixto Ramos<\/p>\n<p>Presidente da NCST &#8211; Nova Central Sindical de Trabalhadores<\/p>\n<p>Alvaro Egea<br \/>\nSecret\u00e1rio Geral da CSB &#8211; Central dos Sindicatos Brasileiros<\/p>\n<p>Ricardo Patah<br \/>\nPresidente da UGT &#8211; Uni\u00e3o Geral dos Trabalhadores<\/p>\n<p>Ubiraci Dantas Oliveira<br \/>\nPresidente da CGTB &#8211; Central Geral dos Trabalhadores do Brasil<br \/>\nJoaninha de Oliveira<br \/>\nSecretaria Executiva Nacional da CSP &#8211; Conlutas<\/p>\n<p>Nilza Pereira de Almeida<br \/>\nSecretaria de Finan\u00e7as &#8211; Intersindical &#8211; Central da Classe Trabalhadora<\/p>\n<p>Emanuel Melato<br \/>\nCoordena\u00e7\u00e3o da Intersindical \u2013 Instrumento de Luta e Organiza\u00e7\u00e3o da Classe Trabalhadora<\/p>\n<p>Jos\u00e9 Gozze<br \/>\nPresidente &#8211; P\u00fablica Central do Servidor&#8221;<\/p>\n","protected":false},"excerpt":{"rendered":"<p>Centrais sindicais fazem Campanha Nacional pela\u00a0manuten\u00e7\u00e3o do aux\u00edlio emergencial de R$ 600 at\u00e9 dezembro. &#8220;\u00c9 bom para o povo, para a economia e para o Brasil&#8221;, destacam ao pedir que o Congresso vote logo a MP 1.000\/20, que reduz o valor \u00e0 metade &#8220;Nosso o objetivo \u00e9 impedir que o governo federal cometa mais uma injusti\u00e7a contra a classe trabalhadora [&hellip;]<\/p>\n","protected":false},"author":27,"featured_media":0,"comment_status":"open","ping_status":"closed","sticky":false,"template":"","format":"standard","meta":{"footnotes":""},"categories":[2719],"tags":[17262,1531,305,1101,693,1522,18210,17255,545,19,18211],"class_list":["post-17678","post","type-post","status-publish","format-standard","hentry","category-servidor","tag-auxilio-emergencial","tag-camara-dos-deputados","tag-campanha","tag-centrais-sindicais","tag-congresso-nacional","tag-governo-federal","tag-mp-1-000-20","tag-pandemia","tag-populacao","tag-trabalhadores","tag-vulneravel-familias"],"_links":{"self":[{"href":"https:\/\/blogs.correiobraziliense.com.br\/servidor\/wp-json\/wp\/v2\/posts\/17678","targetHints":{"allow":["GET"]}}],"collection":[{"href":"https:\/\/blogs.correiobraziliense.com.br\/servidor\/wp-json\/wp\/v2\/posts"}],"about":[{"href":"https:\/\/blogs.correiobraziliense.com.br\/servidor\/wp-json\/wp\/v2\/types\/post"}],"author":[{"embeddable":true,"href":"https:\/\/blogs.correiobraziliense.com.br\/servidor\/wp-json\/wp\/v2\/users\/27"}],"replies":[{"embeddable":true,"href":"https:\/\/blogs.correiobraziliense.com.br\/servidor\/wp-json\/wp\/v2\/comments?post=17678"}],"version-history":[{"count":1,"href":"https:\/\/blogs.correiobraziliense.com.br\/servidor\/wp-json\/wp\/v2\/posts\/17678\/revisions"}],"predecessor-version":[{"id":17679,"href":"https:\/\/blogs.correiobraziliense.com.br\/servidor\/wp-json\/wp\/v2\/posts\/17678\/revisions\/17679"}],"wp:attachment":[{"href":"https:\/\/blogs.correiobraziliense.com.br\/servidor\/wp-json\/wp\/v2\/media?parent=17678"}],"wp:term":[{"taxonomy":"category","embeddable":true,"href":"https:\/\/blogs.correiobraziliense.com.br\/servidor\/wp-json\/wp\/v2\/categories?post=17678"},{"taxonomy":"post_tag","embeddable":true,"href":"https:\/\/blogs.correiobraziliense.com.br\/servidor\/wp-json\/wp\/v2\/tags?post=17678"}],"curies":[{"name":"wp","href":"https:\/\/api.w.org\/{rel}","templated":true}]}}